{"id":20924,"date":"2023-08-30T08:20:36","date_gmt":"2023-08-30T08:20:36","guid":{"rendered":"https:\/\/www.copaeastur.org\/?p=20924"},"modified":"2026-01-21T18:34:54","modified_gmt":"2026-01-21T18:34:54","slug":"eco21-vegadeo-2023","status":"publish","type":"post","link":"https:\/\/www.copaeastur.org\/es\/eco21-vegadeo-2023\/","title":{"rendered":"ECO21 Vegadeo: XIX Muestra de agricultura ecol\u00f3gica y desarrollo sostenible de Oscos-Eo"},"content":{"rendered":"<p>[vc_row][vc_column][vc_column_text]Un a\u00f1o m\u00e1s el COPAE colaborar\u00e1 y estar\u00e1 presente en ECO21 &#8211; Vegadeo, la Muestra de agricultura ecol\u00f3gica y desarrollo sostenible de Oscos-Eo. Esta feria se celebrar\u00e1 los d\u00edas <strong>2 y 3 de septiembre<\/strong>, s\u00e1bado y domingo, en el recinto ferial de Vegadeo.<\/p>\n<p>&nbsp;<\/p>\n<p>En esta nueva edici\u00f3n\u00a0 se podr\u00e1n volver a encontrar <strong>productos ecol\u00f3gicos muy variados<\/strong> en un mercado que ya es tradici\u00f3n en la feria. Adem\u00e1s, habr\u00e1 un completo <strong>programa de actividades en torno a la agricultura ecol\u00f3gica y el desarrollo sostenible<\/strong> con charlas t\u00e9cnicas, mesas redondas showcookings, actuaciones musicales, talleres para ni\u00f1os\/as y adultos y muchos m\u00e1s.[\/vc_column_text][vc_empty_space height=\u00bb50px\u00bb][\/vc_column][\/vc_row][vc_row][vc_column][vc_single_image image=\u00bb20925&#8243; img_size=\u00bblarge\u00bb alignment=\u00bbcenter\u00bb onclick=\u00bbimg_link_large\u00bb][\/vc_column][\/vc_row]<\/p>\n","protected":false},"excerpt":{"rendered":"<p>[vc_row][vc_column][vc_column_text]Un a\u00f1o m\u00e1s el COPAE colaborar\u00e1 y estar\u00e1 presente en ECO21 &#8211; Vegadeo, la Muestra de agricultura ecol\u00f3gica y desarrollo sostenible de Oscos-Eo. Esta feria se celebrar\u00e1 los d\u00edas 2 y 3 de septiembre, s\u00e1bado y domingo, en el recinto ferial de Vegadeo. &nbsp; En esta nueva edici\u00f3n\u00a0 se podr\u00e1n volver a encontrar productos ecol\u00f3gicos&#8230;<\/p>\n","protected":false},"author":5,"featured_media":20928,"comment_status":"closed","ping_status":"closed","sticky":false,"template":"","format":"standard","meta":[],"categories":[1],"tags":[],"_links":{"self":[{"href":"https:\/\/www.copaeastur.org\/es\/wp-json\/wp\/v2\/posts\/20924"}],"collection":[{"href":"https:\/\/www.copaeastur.org\/es\/wp-json\/wp\/v2\/posts"}],"about":[{"href":"https:\/\/www.copaeastur.org\/es\/wp-json\/wp\/v2\/types\/post"}],"author":[{"embeddable":true,"href":"https:\/\/www.copaeastur.org\/es\/wp-json\/wp\/v2\/users\/5"}],"replies":[{"embeddable":true,"href":"https:\/\/www.copaeastur.org\/es\/wp-json\/wp\/v2\/comments?post=20924"}],"version-history":[{"count":2,"href":"https:\/\/www.copaeastur.org\/es\/wp-json\/wp\/v2\/posts\/20924\/revisions"}],"predecessor-version":[{"id":20932,"href":"https:\/\/www.copaeastur.org\/es\/wp-json\/wp\/v2\/posts\/20924\/revisions\/20932"}],"wp:featuredmedia":[{"embeddable":true,"href":"https:\/\/www.copaeastur.org\/es\/wp-json\/wp\/v2\/media\/20928"}],"wp:attachment":[{"href":"https:\/\/www.copaeastur.org\/es\/wp-json\/wp\/v2\/media?parent=20924"}],"wp:term":[{"taxonomy":"category","embeddable":true,"href":"https:\/\/www.copaeastur.org\/es\/wp-json\/wp\/v2\/categories?post=20924"},{"taxonomy":"post_tag","embeddable":true,"href":"https:\/\/www.copaeastur.org\/es\/wp-json\/wp\/v2\/tags?post=20924"}],"curies":[{"name":"wp","href":"https:\/\/api.w.org\/{rel}","templated":true}]}}