{"id":20567,"date":"2023-04-19T11:07:47","date_gmt":"2023-04-19T11:07:47","guid":{"rendered":"https:\/\/www.copaeastur.org\/?p=20567"},"modified":"2026-01-21T18:34:55","modified_gmt":"2026-01-21T18:34:55","slug":"los-alimentos-ecologicos-e-asturias-en-el-36-salon-gourmets","status":"publish","type":"post","link":"https:\/\/www.copaeastur.org\/es\/los-alimentos-ecologicos-e-asturias-en-el-36-salon-gourmets\/","title":{"rendered":"Los alimentos ecol\u00f3gicos e Asturias en el 36 Sal\u00f3n Gourmets"},"content":{"rendered":"<p>[vc_row][vc_column][vc_column_text]El martes 18 de abril el COPAE estuvo en el 36 Sal\u00f3n Gourmets presentando los alimentos ecol\u00f3gicos de Asturias y ofreciendo una degustaci\u00f3n a todos los asistentes que se acercaron al stand del principado de Asturias.<\/p>\n<p>&nbsp;<\/p>\n<p>En esta feria internacional de alimentaci\u00f3n y bebidas de calidad se pudieron poner en valor los productos asturianos producidos en ecol\u00f3gico y su gran calidad.<\/p>\n<p>&nbsp;<\/p>\n<p>Esta actividad se realiz\u00f3 gracias a todos los operadores que ofrecieron sus productos para la degustaci\u00f3n, al Principado de Asturias y Alimentos del Para\u00edso Natural por poner el espacio y a Asturex por la organizaci\u00f3n.[\/vc_column_text][vc_empty_space height=\u00bb50px\u00bb][\/vc_column][\/vc_row][vc_row][vc_column][vc_gallery interval=\u00bb3&#8243; images=\u00bb20571,20574,20577,20580,20583,20586,20589,20592,20595,20598,20601,20604,20607,20610,20613,20616,20619,20622,20625,20628,20631,20634,20637,20646,20649,20652,20655,20658,20661,20664,20667,20670,20673,20676,20679,20682,20685,20688,20691,20694,20697,20700,20703,20706,20709,20712,20715,20718&#8243; img_size=\u00bblarge\u00bb title=\u00bbGaler\u00eda de fotos de la degustaci\u00f3n de los Alimentos Ecol\u00f3gicos de Asturias\u00bb][\/vc_column][\/vc_row]<\/p>\n","protected":false},"excerpt":{"rendered":"<p>[vc_row][vc_column][vc_column_text]El martes 18 de abril el COPAE estuvo en el 36 Sal\u00f3n Gourmets presentando los alimentos ecol\u00f3gicos de Asturias y ofreciendo una degustaci\u00f3n a todos los asistentes que se acercaron al stand del principado de Asturias. &nbsp; En esta feria internacional de alimentaci\u00f3n y bebidas de calidad se pudieron poner en valor los productos asturianos&#8230;<\/p>\n","protected":false},"author":5,"featured_media":20568,"comment_status":"closed","ping_status":"closed","sticky":false,"template":"","format":"standard","meta":[],"categories":[1],"tags":[],"_links":{"self":[{"href":"https:\/\/www.copaeastur.org\/es\/wp-json\/wp\/v2\/posts\/20567"}],"collection":[{"href":"https:\/\/www.copaeastur.org\/es\/wp-json\/wp\/v2\/posts"}],"about":[{"href":"https:\/\/www.copaeastur.org\/es\/wp-json\/wp\/v2\/types\/post"}],"author":[{"embeddable":true,"href":"https:\/\/www.copaeastur.org\/es\/wp-json\/wp\/v2\/users\/5"}],"replies":[{"embeddable":true,"href":"https:\/\/www.copaeastur.org\/es\/wp-json\/wp\/v2\/comments?post=20567"}],"version-history":[{"count":5,"href":"https:\/\/www.copaeastur.org\/es\/wp-json\/wp\/v2\/posts\/20567\/revisions"}],"predecessor-version":[{"id":20725,"href":"https:\/\/www.copaeastur.org\/es\/wp-json\/wp\/v2\/posts\/20567\/revisions\/20725"}],"wp:featuredmedia":[{"embeddable":true,"href":"https:\/\/www.copaeastur.org\/es\/wp-json\/wp\/v2\/media\/20568"}],"wp:attachment":[{"href":"https:\/\/www.copaeastur.org\/es\/wp-json\/wp\/v2\/media?parent=20567"}],"wp:term":[{"taxonomy":"category","embeddable":true,"href":"https:\/\/www.copaeastur.org\/es\/wp-json\/wp\/v2\/categories?post=20567"},{"taxonomy":"post_tag","embeddable":true,"href":"https:\/\/www.copaeastur.org\/es\/wp-json\/wp\/v2\/tags?post=20567"}],"curies":[{"name":"wp","href":"https:\/\/api.w.org\/{rel}","templated":true}]}}