{"id":19052,"date":"2020-09-10T12:42:02","date_gmt":"2020-09-10T12:42:02","guid":{"rendered":"https:\/\/www.copaeastur.org\/?p=19052"},"modified":"2020-09-10T12:46:45","modified_gmt":"2020-09-10T12:46:45","slug":"mercado-ecologico-de-vegadeo-y-mercado-artesano-y-ecologico-de-gijon","status":"publish","type":"post","link":"https:\/\/www.copaeastur.org\/es\/mercado-ecologico-de-vegadeo-y-mercado-artesano-y-ecologico-de-gijon\/","title":{"rendered":"Mercado ecol\u00f3gico de Vegadeo y Mercado artesano y ecol\u00f3gico de Gij\u00f3n"},"content":{"rendered":"<p>Este fin de semana podr\u00e9is acudir a dos mercados ecol\u00f3gicos con los que colabora el COPAE.<br \/>\n&nbsp;<br \/>\nDadas las circunstancias no se ha podido celebrar ECO21 como en las 16 ediciones pasadas, es por ello, que el Ayuntamiento de Vegadeo con el apoyo del COPAE ha optado por realizar un <strong>mercado al aire libre<\/strong> y respetando las medidas sanitarias obligatorias.<br \/>\n&nbsp;<br \/>\n<strong>Tendr\u00e1 lugar el s\u00e1bado d\u00eda 12 de septiembre en el Parque Medal de Vegadeo entre las 10 y las 14 horas.<\/strong><br \/>\n&nbsp;<br \/>\nAcudir\u00e1n 16 participantes con gran variedad de productos, destacando alimentaci\u00f3n y principalmente productos de la huerta, pero tambi\u00e9n pan, queso, caf\u00e9, miel, cerveza y ostras del Eo certificadas.<br \/>\n&nbsp;<br \/>\nSi por el contrario os queda mejor acercaros a Gij\u00f3n, pod\u00e9is asistir al <strong>Mercado Artesano y Ecol\u00f3gico que se celebrar\u00e1 los d\u00edas 12 y 13 en la Plaza Mayor.<\/strong><br \/>\n&nbsp;<br \/>\nEl horario de apertura es de <strong>11:00 a 15:00 y de 17:00 a 21:00 h, siendo la hora de cierre del evento el domingo a las 20:00 h.<\/strong><br \/>\n&nbsp;<br \/>\nEn este, <strong>la operadora del COPAE, Araceli de Lloreu Huerto Ecol\u00f3gico<\/strong>, ser\u00e1 la encargada de aclararos todas vuestras dudas sobre la producci\u00f3n de la huerta ecol\u00f3gica en Asturias.<br \/>\n&nbsp;<br \/>\nSon dos citas importantes despu\u00e9s del verano vivido, os animamos a acudir siempre con la responsabilidad que exige la situaci\u00f3n.<\/p>\n","protected":false},"excerpt":{"rendered":"<p>Este fin de semana podr\u00e9is acudir a dos mercados ecol\u00f3gicos con los que colabora el COPAE. &nbsp; Dadas las circunstancias no se ha podido celebrar ECO21 como en las 16 ediciones pasadas, es por ello, que el Ayuntamiento de Vegadeo con el apoyo del COPAE ha optado por realizar un mercado al aire libre y&#8230;<\/p>\n","protected":false},"author":2,"featured_media":0,"comment_status":"closed","ping_status":"closed","sticky":false,"template":"","format":"standard","meta":[],"categories":[174],"tags":[],"_links":{"self":[{"href":"https:\/\/www.copaeastur.org\/es\/wp-json\/wp\/v2\/posts\/19052"}],"collection":[{"href":"https:\/\/www.copaeastur.org\/es\/wp-json\/wp\/v2\/posts"}],"about":[{"href":"https:\/\/www.copaeastur.org\/es\/wp-json\/wp\/v2\/types\/post"}],"author":[{"embeddable":true,"href":"https:\/\/www.copaeastur.org\/es\/wp-json\/wp\/v2\/users\/2"}],"replies":[{"embeddable":true,"href":"https:\/\/www.copaeastur.org\/es\/wp-json\/wp\/v2\/comments?post=19052"}],"version-history":[{"count":5,"href":"https:\/\/www.copaeastur.org\/es\/wp-json\/wp\/v2\/posts\/19052\/revisions"}],"predecessor-version":[{"id":19057,"href":"https:\/\/www.copaeastur.org\/es\/wp-json\/wp\/v2\/posts\/19052\/revisions\/19057"}],"wp:attachment":[{"href":"https:\/\/www.copaeastur.org\/es\/wp-json\/wp\/v2\/media?parent=19052"}],"wp:term":[{"taxonomy":"category","embeddable":true,"href":"https:\/\/www.copaeastur.org\/es\/wp-json\/wp\/v2\/categories?post=19052"},{"taxonomy":"post_tag","embeddable":true,"href":"https:\/\/www.copaeastur.org\/es\/wp-json\/wp\/v2\/tags?post=19052"}],"curies":[{"name":"wp","href":"https:\/\/api.w.org\/{rel}","templated":true}]}}