{"id":22275,"date":"2026-03-04T13:38:47","date_gmt":"2026-03-04T13:38:47","guid":{"rendered":"https:\/\/www.copaeastur.org\/?p=22275"},"modified":"2026-03-31T11:21:11","modified_gmt":"2026-03-31T11:21:11","slug":"marzo-y-su-riqueza","status":"publish","type":"post","link":"https:\/\/www.copaeastur.org\/en\/marzo-y-su-riqueza\/","title":{"rendered":"Cordero m\u00e1s all\u00e1 de Navidad"},"content":{"rendered":"<p>[vc_row][vc_column][vc_column_text]<\/p>\n<h3><em>Bolet\u00edn de noticias del COPAE: marzo <strong>2026<\/strong><\/em><\/h3>\n<p>[\/vc_column_text][\/vc_column][\/vc_row][vc_row][vc_column][vc_empty_space height=&#8221;10px&#8221;][vc_column_text]Marzo, ese mes que da comienzo a la primavera, ya est\u00e1 aqu\u00ed. Con el fin de la estaci\u00f3n fr\u00eda la vida empieza a despertar y el rural asturiano vuelve a coger ritmo. Con todo esto, se aproxima la temporada de riqueza de alimentos en nuestras mesas. \u00a1Vamos con ellos![\/vc_column_text][vc_empty_space][vc_column_text]<\/p>\n<h4>Cordero m\u00e1s all\u00e1 de navidad<\/h4>\n<p>[\/vc_column_text][vc_empty_space height=&#8221;10px&#8221;][vc_column_text]<\/p>\n<p data-start=\"1009\" data-end=\"1288\">Aunque el cordero es un cl\u00e1sico de las comidas navide\u00f1as y est\u00e1 menos presente en nuestra mesa el resto del a\u00f1o, la temporada de primavera es uno de los mejores momento para disfrutar de corderos lechales frescos. En Asturias tenemos varios ganaderos con ovejas en ecol\u00f3gico, buena parte con la raza aut\u00f3ctona Xalda, en peligro de extinci\u00f3n.<\/p>\n<p>[\/vc_column_text][vc_empty_space height=&#8221;50px&#8221;][\/vc_column][\/vc_row][vc_row][vc_column width=&#8221;1\/4&#8243;][vc_single_image image=&#8221;22278&#8243; img_size=&#8221;medium&#8221; alignment=&#8221;center&#8221;][\/vc_column][vc_column width=&#8221;3\/4&#8243;][vc_column_text]<\/p>\n<h4 style=\"text-align: right;\">Caldereta de cordero xaldo ecol\u00f3gico<\/h4>\n<p>[\/vc_column_text][vc_empty_space height=&#8221;10px&#8221;][vc_column_text]<\/p>\n<p data-start=\"1607\" data-end=\"1802\"><strong>\ud83d\uddd2\ufe0f Ingredientes ecol\u00f3gicos (4 personas):<\/strong><\/p>\n<ul>\n<li data-start=\"271\" data-end=\"342\">\n<p data-start=\"273\" data-end=\"342\">1,2\u20131,5 kg de cordero xaldo ecol\u00f3gico troceado (pierna y\/o paletilla)<\/p>\n<\/li>\n<li data-start=\"343\" data-end=\"361\">\n<p data-start=\"345\" data-end=\"361\">1 cebolla grande<\/p>\n<\/li>\n<li data-start=\"362\" data-end=\"380\">\n<p data-start=\"364\" data-end=\"380\">2 dientes de ajo<\/p>\n<\/li>\n<li data-start=\"381\" data-end=\"410\">\n<p data-start=\"383\" data-end=\"410\">1 pimiento verde (opcional)<\/p>\n<\/li>\n<li data-start=\"411\" data-end=\"458\">\n<p data-start=\"413\" data-end=\"458\">2 tomates maduros o 150 g de tomate triturado<\/p>\n<\/li>\n<li data-start=\"459\" data-end=\"477\">\n<p data-start=\"461\" data-end=\"477\">1 hoja de laurel<\/p>\n<\/li>\n<li data-start=\"478\" data-end=\"543\">\n<p data-start=\"480\" data-end=\"543\">1 cucharadita de piment\u00f3n (mitad dulce, mitad picante si gusta)<\/p>\n<\/li>\n<li data-start=\"544\" data-end=\"567\">\n<p data-start=\"546\" data-end=\"567\">150 ml de vino blanco<\/p>\n<\/li>\n<li data-start=\"568\" data-end=\"596\">\n<p data-start=\"570\" data-end=\"596\">500\u2013700 ml de caldo o agua<\/p>\n<\/li>\n<li data-start=\"597\" data-end=\"652\">\n<p data-start=\"599\" data-end=\"652\">3\u20134 patatas medianas (opcional pero muy recomendable)<\/p>\n<\/li>\n<li data-start=\"653\" data-end=\"683\">\n<p data-start=\"655\" data-end=\"683\">Aceite de oliva virgen extra<\/p>\n<\/li>\n<li data-start=\"684\" data-end=\"700\">\n<p data-start=\"686\" data-end=\"700\">Sal y pimienta<\/p>\n<\/li>\n<li data-start=\"701\" data-end=\"717\">\n<p data-start=\"703\" data-end=\"717\">Perejil fresco<\/p>\n<\/li>\n<\/ul>\n<p data-start=\"280\" data-end=\"298\"><strong data-start=\"280\" data-end=\"296\">\ud83e\udd44 Preparaci\u00f3n:<\/strong><\/p>\n<ul>\n<li data-start=\"746\" data-end=\"872\">\n<p data-start=\"749\" data-end=\"872\"><strong data-start=\"749\" data-end=\"769\">Sellar la carne.<\/strong>\u00a0Salpimenta el cordero y d\u00f3ralo en una cazuela amplia con aceite, a fuego medio-alto. Retira y reserva.<\/p>\n<\/li>\n<li data-start=\"873\" data-end=\"1011\">\n<p data-start=\"876\" data-end=\"1011\"><strong data-start=\"876\" data-end=\"888\">Sofrito.<\/strong>\u00a0En la misma cazuela pocha cebolla, ajo y pimiento picados 8\u201310 minutos. A\u00f1ade el tomate y cocina hasta que pierda el agua.<\/p>\n<\/li>\n<li data-start=\"1012\" data-end=\"1124\">\n<p data-start=\"1015\" data-end=\"1124\"><strong data-start=\"1015\" data-end=\"1028\">Especiar.<\/strong>\u00a0Incorpora el piment\u00f3n (fuera del fuego para que no se queme), mezcla y vuelve a poner al fuego.<\/p>\n<\/li>\n<li data-start=\"1125\" data-end=\"1247\">\n<p data-start=\"1128\" data-end=\"1247\"><strong data-start=\"1128\" data-end=\"1139\">Guisar.<\/strong>\u00a0Devuelve el cordero, a\u00f1ade el laurel y el vino. Deja evaporar el alcohol 2\u20133 minutos. Cubre con caldo\/agua.<\/p>\n<\/li>\n<li data-start=\"1248\" data-end=\"1306\">\n<p data-start=\"1251\" data-end=\"1306\"><strong data-start=\"1251\" data-end=\"1269\">Cocci\u00f3n lenta.<\/strong>\u00a0Tapa y cocina suave 60\u201375 minutos.<\/p>\n<\/li>\n<li data-start=\"1307\" data-end=\"1441\">\n<p data-start=\"1310\" data-end=\"1441\"><strong data-start=\"1310\" data-end=\"1333\">Patatas (opcional).<\/strong>\u00a0A\u00f1\u00e1delas \u201ccascadas\u201d a mitad de cocci\u00f3n y deja 25\u201330 minutos m\u00e1s, hasta que est\u00e9n tiernas y el guiso ligado.<\/p>\n<\/li>\n<li data-start=\"1442\" data-end=\"1517\">\n<p data-start=\"1445\" data-end=\"1517\"><strong data-start=\"1445\" data-end=\"1456\">Reposo.<\/strong>\u00a0Apaga y deja reposar 10 minutos. Termina con perejil picado.<\/p>\n<p>\u00daltimo detalles:<\/li>\n<li data-start=\"1540\" data-end=\"1599\">\n<p data-start=\"1542\" data-end=\"1599\">Si lo dejas reposar desde el d\u00eda anterior se intensificar\u00e1 el sabor<\/p>\n<\/li>\n<li data-start=\"1600\" data-end=\"1668\">\n<p data-start=\"1602\" data-end=\"1668\">Si quieres m\u00e1s profundidad, a\u00f1ade una pizca de tomillo o romero.<\/p>\n<\/li>\n<li data-start=\"1669\" data-end=\"1725\">\n<p data-start=\"1671\" data-end=\"1725\">Ajusta el caldo para que quede\u00a0<strong data-start=\"1702\" data-end=\"1712\">meloso<\/strong>, no caldoso.<\/p>\n<\/li>\n<\/ul>\n<p>[\/vc_column_text][vc_empty_space height=&#8221;10px&#8221;][vc_column_text]<strong><em>*Receta detallada en nuestro bolet\u00edn de noticias. Suscr\u00edbete m\u00e1s abajo para recibirlo.<\/em><\/strong>[\/vc_column_text][\/vc_column][\/vc_row][vc_row][vc_column][vc_empty_space height=&#8221;50px&#8221;][vc_column_text]<\/p>\n<h4>Molinos de retuerta: producir harinas en un molino con m\u00e1s de 3 siglos<\/h4>\n<p>[\/vc_column_text][vc_empty_space height=&#8221;10px&#8221;][vc_column_text]David Men\u00e9ndez ha recuperado un antiguo molino hidr\u00e1ulico, con m\u00e1s de tres siglos de antig\u00fcedad, para llevar a cabo su proyecto &#8220;Molinos Retuerta&#8221; y producir harinas ecol\u00f3gicas en un pueblo de Pravia, en Asturias.<\/p>\n<p>La producci\u00f3n ecol\u00f3gica asturiana est\u00e1 llena ejemplos como el de David, con j\u00f3venes que apuestan por vivir en el mundo rural. Sus proyectos mezclan tradici\u00f3n y modernidad y nos proporcionan alimentos de gran calidad, sanos y respetuoso con el medio ambiente.[\/vc_column_text][vc_empty_space height=&#8221;50px&#8221;][vc_video link=&#8221;https:\/\/www.youtube.com\/watch?v=s8HN1CDbKyQ&#8221; el_width=&#8221;50&#8243; align=&#8221;center&#8221;][\/vc_column][\/vc_row][vc_row content_aligment=&#8221;center&#8221;][vc_column][vc_empty_space height=&#8221;50px&#8221;]<div class=\"edgtf-separator-holder clearfix  edgtf-separator-center edgtf-separator-full-width\">\n\t<div class=\"edgtf-separator\" style=\"border-color: #81d742\"><\/div>\n<\/div>\n[vc_empty_space][vc_column_text]<\/p>\n<h4 style=\"text-align: center;\">Dicires de Asturias<\/h4>\n<p>[\/vc_column_text][vc_empty_space height=&#8221;10px&#8221;][vc_column_text]<\/p>\n<p style=\"text-align: center;\" data-start=\"3503\" data-end=\"3683\">&#8220;El que quiera oveyes mil, ll\u00edbreles de les rosaes de marzu y abril&#8221;<\/p>\n<p>[\/vc_column_text][vc_empty_space height=&#8221;50px&#8221;]<div class=\"edgtf-separator-holder clearfix  edgtf-separator-center edgtf-separator-full-width\">\n\t<div class=\"edgtf-separator\" style=\"border-color: #81d742\"><\/div>\n<\/div>\n[vc_empty_space][vc_column_text]<\/p>\n<h3 style=\"text-align: center;\">\u00danete a nuestro bolet\u00edn mensual y apoya al rural asturiano ecol\u00f3gico<\/h3>\n<p>[\/vc_column_text][vc_empty_space height=&#8221;10px&#8221;][vc_column_text]<\/p>\n<p style=\"text-align: center;\" data-start=\"3503\" data-end=\"3683\">\ud83d\udce9 <em data-start=\"2877\" data-end=\"3040\">Este contenido forma parte del bolet\u00edn mensual del COPAE, donde tambi\u00e9n compartimos agenda de ferias, mercados y otras noticias del sector ecol\u00f3gico en Asturias.<\/em><\/p>\n<p>[\/vc_column_text][vc_empty_space height=&#8221;10px&#8221;]<a itemprop=\"url\" href=\"https:\/\/www.copaeastur.org\/es\/boletin-de-noticias-del-copae\/\" target=\"_self\" style=\"background-color: #81d742;border-color: #81d742\" class=\"edgtf-btn edgtf-btn-large edgtf-btn-solid\"  >\n\t<span class=\"edgtf-btn-text\">Suscr\u00edbete<\/span>\n    <\/a>[\/vc_column][\/vc_row]<\/p>\n","protected":false},"excerpt":{"rendered":"<p>El fin del invierno y el fr\u00edo est\u00e1n cada vez m\u00e1s cerca, pero mientras esperamos a que llegue la primavera, vamos a disfrutar de lo que nos trae el mes de febrero en nuestro bolet\u00edn.<\/p>\n","protected":false},"author":5,"featured_media":22278,"comment_status":"closed","ping_status":"closed","sticky":false,"template":"","format":"standard","meta":[],"categories":[208],"tags":[],"_links":{"self":[{"href":"https:\/\/www.copaeastur.org\/en\/wp-json\/wp\/v2\/posts\/22275"}],"collection":[{"href":"https:\/\/www.copaeastur.org\/en\/wp-json\/wp\/v2\/posts"}],"about":[{"href":"https:\/\/www.copaeastur.org\/en\/wp-json\/wp\/v2\/types\/post"}],"author":[{"embeddable":true,"href":"https:\/\/www.copaeastur.org\/en\/wp-json\/wp\/v2\/users\/5"}],"replies":[{"embeddable":true,"href":"https:\/\/www.copaeastur.org\/en\/wp-json\/wp\/v2\/comments?post=22275"}],"version-history":[{"count":4,"href":"https:\/\/www.copaeastur.org\/en\/wp-json\/wp\/v2\/posts\/22275\/revisions"}],"predecessor-version":[{"id":22293,"href":"https:\/\/www.copaeastur.org\/en\/wp-json\/wp\/v2\/posts\/22275\/revisions\/22293"}],"wp:featuredmedia":[{"embeddable":true,"href":"https:\/\/www.copaeastur.org\/en\/wp-json\/wp\/v2\/media\/22278"}],"wp:attachment":[{"href":"https:\/\/www.copaeastur.org\/en\/wp-json\/wp\/v2\/media?parent=22275"}],"wp:term":[{"taxonomy":"category","embeddable":true,"href":"https:\/\/www.copaeastur.org\/en\/wp-json\/wp\/v2\/categories?post=22275"},{"taxonomy":"post_tag","embeddable":true,"href":"https:\/\/www.copaeastur.org\/en\/wp-json\/wp\/v2\/tags?post=22275"}],"curies":[{"name":"wp","href":"https:\/\/api.w.org\/{rel}","templated":true}]}}