{"id":21887,"date":"2025-08-01T11:09:38","date_gmt":"2025-08-01T11:09:38","guid":{"rendered":"https:\/\/www.copaeastur.org\/?p=21887"},"modified":"2026-01-21T18:34:08","modified_gmt":"2026-01-21T18:34:08","slug":"del-8-al-10-de-agosto-tendra-lugar-en-llanera-una-nueva-edicion-de-la-feria-agroalimentaria-de-productos-ecologicos-de-asturias","status":"publish","type":"post","link":"https:\/\/www.copaeastur.org\/en\/del-8-al-10-de-agosto-tendra-lugar-en-llanera-una-nueva-edicion-de-la-feria-agroalimentaria-de-productos-ecologicos-de-asturias\/","title":{"rendered":"Del 8 al 10 de agosto tendr\u00e1 lugar en Llanera una nueva edici\u00f3n de la Feria Agroalimentaria de Productos Ecol\u00f3gicos de Asturias"},"content":{"rendered":"<p>[vc_row][vc_column][vc_column_text]<\/p>\n<blockquote><p>Este a\u00f1o el Comit\u00e9 de Agricultura Ecol\u00f3gica de la Comunidad Valenciana (CAECV) ser\u00e1 el invitado especial de FAPEA, por lo que a lo largo del fin de semana se podr\u00e1 disfrutar de catas de productos valencianos ecol\u00f3gicos.<\/p>\n<p>&nbsp;<\/p><\/blockquote>\n<p>En la edici\u00f3n de 2025 de la Feria Agroalimentaria de Productos Ecol\u00f3gicos de Asturias (FAPEA) habr\u00e1 un total de 68 expositores siendo 26 asturianos, 41 provenientes del resto de comunidades aut\u00f3nomas y 1 de Portugal. Entre el completo programa de actividades de la feria, este a\u00f1o destacan las realizadas por el CAECV, representante de la Comunidad Valenciana invitada del a\u00f1o.<\/p>\n<p>&nbsp;<\/p>\n<p>Una vez m\u00e1s, a lo largo del fin de semana el p\u00fablico podr\u00e1 asistir a showcookings, talleres sobre alimentaci\u00f3n ecol\u00f3gica, degustaciones gratuitas y diferentes talleres. Adem\u00e1s, se repetir\u00e1n las actividades infantiles, con pintacaras, taller de <em>ecoprint<\/em> y juegos divulgativos sobre la producci\u00f3n ecol\u00f3gica. Como novedad, el domingo se har\u00e1 una paella valenciana con productos ofrecidos por el CAECV, que tambi\u00e9n tendr\u00e1 un puesto informativo propio a lo largo de los 3 d\u00edas.<\/p>\n<p>&nbsp;<\/p>\n<p>FAPEA es una de las grandes citas del a\u00f1o del sector ecol\u00f3gico asturiano, que una temporada m\u00e1s sigue creciendo. A d\u00eda de hoy, en Asturias hay 731 operadores ecol\u00f3gicos y 23.928 hect\u00e1reas de superficie ecol\u00f3gica certificada. Estos datos suponen 31 operadores y 2.105 hect\u00e1reas m\u00e1s que las que hab\u00eda inscritas en el Consejo de la Producci\u00f3n Agraria Ecol\u00f3gica de Asturias (COPAE) a cierre de 2024, lo que supone el mayor n\u00famero de operadores y la mayor superficie certificada como ecol\u00f3gica en Asturias hasta la fecha.<\/p>\n<p>&nbsp;<\/p>\n<p>El COPAE ha renovado a principios de 2025 su \u00f3rgano de direcci\u00f3n y con ello su presidencia, que actualmente ostenta Javier Fern\u00e1ndez Garc\u00eda, representante de Campoastur. El nuevo pleno del consejo ha decidido apostar m\u00e1s fuertemente por FAPEA, con lo que ha potenciado su colaboraci\u00f3n con el Ayuntamiento de Llanera y ha aumentado los recursos destinados para el programa de actividades de la feria.<\/p>\n<p>[\/vc_column_text][\/vc_column][\/vc_row][vc_row][vc_column][vc_empty_space][vc_gallery type=&#8221;flexslider_slide&#8221; interval=&#8221;0&#8243; images=&#8221;21888,21894,21891&#8243; img_size=&#8221;medium&#8221;][\/vc_column][\/vc_row][vc_row][vc_column][\/vc_column][\/vc_row]<\/p>\n","protected":false},"excerpt":{"rendered":"<p>[vc_row][vc_column][vc_column_text] Este a\u00f1o el Comit\u00e9 de Agricultura Ecol\u00f3gica de la Comunidad Valenciana (CAECV) ser\u00e1 el invitado especial de FAPEA, por lo que a lo largo del fin de semana se podr\u00e1 disfrutar de catas de productos valencianos ecol\u00f3gicos. &nbsp; En la edici\u00f3n de 2025 de la Feria Agroalimentaria de Productos Ecol\u00f3gicos de Asturias (FAPEA) habr\u00e1&#8230;<\/p>\n","protected":false},"author":5,"featured_media":21897,"comment_status":"closed","ping_status":"closed","sticky":false,"template":"","format":"standard","meta":[],"categories":[1],"tags":[],"_links":{"self":[{"href":"https:\/\/www.copaeastur.org\/en\/wp-json\/wp\/v2\/posts\/21887"}],"collection":[{"href":"https:\/\/www.copaeastur.org\/en\/wp-json\/wp\/v2\/posts"}],"about":[{"href":"https:\/\/www.copaeastur.org\/en\/wp-json\/wp\/v2\/types\/post"}],"author":[{"embeddable":true,"href":"https:\/\/www.copaeastur.org\/en\/wp-json\/wp\/v2\/users\/5"}],"replies":[{"embeddable":true,"href":"https:\/\/www.copaeastur.org\/en\/wp-json\/wp\/v2\/comments?post=21887"}],"version-history":[{"count":5,"href":"https:\/\/www.copaeastur.org\/en\/wp-json\/wp\/v2\/posts\/21887\/revisions"}],"predecessor-version":[{"id":21904,"href":"https:\/\/www.copaeastur.org\/en\/wp-json\/wp\/v2\/posts\/21887\/revisions\/21904"}],"wp:featuredmedia":[{"embeddable":true,"href":"https:\/\/www.copaeastur.org\/en\/wp-json\/wp\/v2\/media\/21897"}],"wp:attachment":[{"href":"https:\/\/www.copaeastur.org\/en\/wp-json\/wp\/v2\/media?parent=21887"}],"wp:term":[{"taxonomy":"category","embeddable":true,"href":"https:\/\/www.copaeastur.org\/en\/wp-json\/wp\/v2\/categories?post=21887"},{"taxonomy":"post_tag","embeddable":true,"href":"https:\/\/www.copaeastur.org\/en\/wp-json\/wp\/v2\/tags?post=21887"}],"curies":[{"name":"wp","href":"https:\/\/api.w.org\/{rel}","templated":true}]}}