{"id":21559,"date":"2025-02-19T09:39:12","date_gmt":"2025-02-19T09:39:12","guid":{"rendered":"https:\/\/www.copaeastur.org\/?p=21559"},"modified":"2026-01-21T18:34:35","modified_gmt":"2026-01-21T18:34:35","slug":"proclamacion-de-candidaturas-provisionales-proceso-electoral-de-renovacion-del-copae-24-25","status":"publish","type":"post","link":"https:\/\/www.copaeastur.org\/en\/proclamacion-de-candidaturas-provisionales-proceso-electoral-de-renovacion-del-copae-24-25\/","title":{"rendered":"Proclamaci\u00f3n de vocales &#8211; Proceso electoral de renovaci\u00f3n del COPAE 24\/25"},"content":{"rendered":"<p>[vc_row][vc_column][vc_column_text]<\/p>\n<p style=\"text-align: left;\">Tras finalizar el plazo de reclamaci\u00f3n de las candidaturas provisionales para la renovaci\u00f3n del pleno del COPAE, sin haber recibido ninguna, se proclaman las siguientes candidaturas como definitivas. Al no haber m\u00e1s de una candidatura en ninguno de los censos, quedan proclamados como vocales electos, que tomar\u00e1n posesi\u00f3n en la sesi\u00f3n plenaria del 27 de marzo, el mismo d\u00eda que elegir\u00e1n presidencia y vicepresidencia del COPAE:<\/p>\n<p>&nbsp;<\/p>\n<p style=\"text-align: center;\"><strong>CENSO A: SECTOR PRODUCCI\u00d3N AGR\u00cdCOLA<\/strong><\/p>\n<p style=\"text-align: center;\">CANDIDATURA N\u00ba A &#8211; 1<\/p>\n<p>&nbsp;<\/p>\n<p style=\"text-align: center;\">TITULAR 1: ESCANDA ASTURIANA SL<br \/>\nSUPLENTE 1: CASERIA LA MADERIA SL<br \/>\nTITULAR 2: SIDRA MU\u00d1IZ SL<br \/>\nSUPLENTE 2: ARACELI ROZADA NU\u00d1EZ<\/p>\n<p>&nbsp;<\/p>\n<p style=\"text-align: center;\"><strong>CENSO B: SECTOR PRODUCCI\u00d3N GANADERA<\/strong><\/p>\n<p style=\"text-align: center;\">CANDIDATURA N\u00ba B &#8211; 1<\/p>\n<p>&nbsp;<\/p>\n<p style=\"text-align: center;\">TITULAR 1: JOS\u00c9 L\u00d3PEZ CASTELAO<br \/>\nSUPLENTE 1: MIGUEL VILLABRILLE RODR\u00cdGUEZ<br \/>\nTITULAR 2: ANA GARC\u00cdA FERN\u00c1NDEZ<br \/>\nSUPLENTE 2: JAIRO GARC\u00cdA GARC\u00cdA<\/p>\n<p>&nbsp;<\/p>\n<p style=\"text-align: center;\"><strong>CENSO C: SECTOR ELABORACI\u00d3N<\/strong><\/p>\n<p style=\"text-align: center;\">CANDIDATURA N\u00ba C- 1<\/p>\n<p>&nbsp;<\/p>\n<p style=\"text-align: center;\">TITULAR 1: CAMPOASTUR PRODUCTOS Y SERVICIOS S. COOP. ASTUR.<br \/>\nSUPLENTE 1: QUESOS LA PERAL S.L.<br \/>\nTITULAR 2: CODILEX ALIMENTACI\u00d3N TRADICIONAL SL<br \/>\nSUPLENTE 2: EL PASEO DE LOS CURAS, S.L.<\/p>\n<p>&nbsp;<\/p>\n<p style=\"text-align: center;\"><strong>CENSO D: SECTOR COMERCIALIZACI\u00d3N<\/strong><\/p>\n<p style=\"text-align: center;\">CANDIDATURA N\u00ba D &#8211; 1<\/p>\n<p>&nbsp;<\/p>\n<p style=\"text-align: center;\">TITULAR 1: FRISONA BIO L\u00c1CTEOS SL<br \/>\nSUPLENTE 1: PAULO C\u00c9SAR RODR\u00cdGUEZ S\u00c1NCHEZ<\/p>\n<p>[\/vc_column_text][\/vc_column][\/vc_row]<\/p>\n","protected":false},"excerpt":{"rendered":"<p>[vc_row][vc_column][vc_column_text] Tras finalizar el plazo de reclamaci\u00f3n de las candidaturas provisionales para la renovaci\u00f3n del pleno del COPAE, sin haber recibido ninguna, se proclaman las siguientes candidaturas como definitivas. Al no haber m\u00e1s de una candidatura en ninguno de los censos, quedan proclamados como vocales electos, que tomar\u00e1n posesi\u00f3n en la sesi\u00f3n plenaria del 27&#8230;<\/p>\n","protected":false},"author":5,"featured_media":0,"comment_status":"closed","ping_status":"closed","sticky":false,"template":"","format":"standard","meta":[],"categories":[1],"tags":[],"_links":{"self":[{"href":"https:\/\/www.copaeastur.org\/en\/wp-json\/wp\/v2\/posts\/21559"}],"collection":[{"href":"https:\/\/www.copaeastur.org\/en\/wp-json\/wp\/v2\/posts"}],"about":[{"href":"https:\/\/www.copaeastur.org\/en\/wp-json\/wp\/v2\/types\/post"}],"author":[{"embeddable":true,"href":"https:\/\/www.copaeastur.org\/en\/wp-json\/wp\/v2\/users\/5"}],"replies":[{"embeddable":true,"href":"https:\/\/www.copaeastur.org\/en\/wp-json\/wp\/v2\/comments?post=21559"}],"version-history":[{"count":8,"href":"https:\/\/www.copaeastur.org\/en\/wp-json\/wp\/v2\/posts\/21559\/revisions"}],"predecessor-version":[{"id":21595,"href":"https:\/\/www.copaeastur.org\/en\/wp-json\/wp\/v2\/posts\/21559\/revisions\/21595"}],"wp:attachment":[{"href":"https:\/\/www.copaeastur.org\/en\/wp-json\/wp\/v2\/media?parent=21559"}],"wp:term":[{"taxonomy":"category","embeddable":true,"href":"https:\/\/www.copaeastur.org\/en\/wp-json\/wp\/v2\/categories?post=21559"},{"taxonomy":"post_tag","embeddable":true,"href":"https:\/\/www.copaeastur.org\/en\/wp-json\/wp\/v2\/tags?post=21559"}],"curies":[{"name":"wp","href":"https:\/\/api.w.org\/{rel}","templated":true}]}}