{"id":20863,"date":"2023-07-17T11:32:59","date_gmt":"2023-07-17T11:32:59","guid":{"rendered":"https:\/\/www.copaeastur.org\/?p=20863"},"modified":"2026-01-21T18:34:54","modified_gmt":"2026-01-21T18:34:54","slug":"vuelve-fapea-la-feria-agroalimentaria-de-productos-ecologicos-mas-grande-de-asturias","status":"publish","type":"post","link":"https:\/\/www.copaeastur.org\/en\/vuelve-fapea-la-feria-agroalimentaria-de-productos-ecologicos-mas-grande-de-asturias\/","title":{"rendered":"Vuelve FAPEA, la Feria Agroalimentaria de Productos Ecol\u00f3gicos m\u00e1s grande de Asturias"},"content":{"rendered":"<p>[vc_row][vc_column][vc_column_text]Llanera acoger\u00e1 una nueva edici\u00f3n de la Feria Agroalimentaria de Productos Ecol\u00f3gicos de Asturias, FAPEA, los d\u00edas\u00a0<strong>11, 12\u00a0y 13 de agosto<\/strong>, en el recinto ferial de Llanera. El Ayuntamiento trabaja ya con el Consejo de la Producci\u00f3n Agraria de Asturias, COPAE, en\u00a0 la elaboraci\u00f3n del programa de la feria as\u00ed como en el listado de productores participantes. Tanto COPAE como Ayuntamiento esperan volver a repetir la cifra de expositores anterior a la pandemia, 2019, en el que\u00a0asistieron a la feria un total de 77 productores (30 de Asturias, 2 de Portugal y 43 de otras comunidades aut\u00f3nomas)<\/p>\n<p>&nbsp;<\/p>\n<p>Un a\u00f1o m\u00e1s, FAPEA volver\u00e1 a convertirse en el mejor escaparate de la producci\u00f3n ecol\u00f3gica, mostrando a los consumidores\u00a0la enorme variedad de productos que ya se pueden adquirir en ecol\u00f3gico, y que son sin\u00f3nimo de calidad, sabor y respeto al entorno. Y es que FAPEA, no solo es una feria de venta y exposici\u00f3n, sino que tambi\u00e9n se combina la celebraci\u00f3n talleres, showcookings y degustaciones en las que los visitantes pueden probar y comprobar la calidad que ofrece el sello de certificaci\u00f3n ecol\u00f3gica. Ese sello es precisamente una de las se\u00f1as de identidad de FAPEA, porque solamente se admiten expositores que tengan el sello de certificaci\u00f3n ecol\u00f3gica.\u00a0\u00a0Adem\u00e1s de las actividades y expositores\u00a0que acoja la carpa de FAPEA, en el exterior\u00a0volver\u00e1 a poder disfrutarse del\u00a0espacio GASTROFAPEA, donde la gente puede sentarse a disfrutar de los sabores ecol\u00f3gicos.<\/p>\n<p>&nbsp;<\/p>\n<p>La primera semana de agosto se dar\u00e1 a conocer en detalle la programaci\u00f3n de la feria as\u00ed como el listado de productores participantes.[\/vc_column_text][\/vc_column][\/vc_row]<\/p>\n","protected":false},"excerpt":{"rendered":"<p>[vc_row][vc_column][vc_column_text]Llanera acoger\u00e1 una nueva edici\u00f3n de la Feria Agroalimentaria de Productos Ecol\u00f3gicos de Asturias, FAPEA, los d\u00edas\u00a011, 12\u00a0y 13 de agosto, en el recinto ferial de Llanera. El Ayuntamiento trabaja ya con el Consejo de la Producci\u00f3n Agraria de Asturias, COPAE, en\u00a0 la elaboraci\u00f3n del programa de la feria as\u00ed como en el listado de&#8230;<\/p>\n","protected":false},"author":5,"featured_media":20864,"comment_status":"closed","ping_status":"closed","sticky":false,"template":"","format":"standard","meta":[],"categories":[1],"tags":[],"_links":{"self":[{"href":"https:\/\/www.copaeastur.org\/en\/wp-json\/wp\/v2\/posts\/20863"}],"collection":[{"href":"https:\/\/www.copaeastur.org\/en\/wp-json\/wp\/v2\/posts"}],"about":[{"href":"https:\/\/www.copaeastur.org\/en\/wp-json\/wp\/v2\/types\/post"}],"author":[{"embeddable":true,"href":"https:\/\/www.copaeastur.org\/en\/wp-json\/wp\/v2\/users\/5"}],"replies":[{"embeddable":true,"href":"https:\/\/www.copaeastur.org\/en\/wp-json\/wp\/v2\/comments?post=20863"}],"version-history":[{"count":1,"href":"https:\/\/www.copaeastur.org\/en\/wp-json\/wp\/v2\/posts\/20863\/revisions"}],"predecessor-version":[{"id":20867,"href":"https:\/\/www.copaeastur.org\/en\/wp-json\/wp\/v2\/posts\/20863\/revisions\/20867"}],"wp:featuredmedia":[{"embeddable":true,"href":"https:\/\/www.copaeastur.org\/en\/wp-json\/wp\/v2\/media\/20864"}],"wp:attachment":[{"href":"https:\/\/www.copaeastur.org\/en\/wp-json\/wp\/v2\/media?parent=20863"}],"wp:term":[{"taxonomy":"category","embeddable":true,"href":"https:\/\/www.copaeastur.org\/en\/wp-json\/wp\/v2\/categories?post=20863"},{"taxonomy":"post_tag","embeddable":true,"href":"https:\/\/www.copaeastur.org\/en\/wp-json\/wp\/v2\/tags?post=20863"}],"curies":[{"name":"wp","href":"https:\/\/api.w.org\/{rel}","templated":true}]}}