{"id":20808,"date":"2023-06-07T09:24:52","date_gmt":"2023-06-07T09:24:52","guid":{"rendered":"https:\/\/www.copaeastur.org\/?p=20808"},"modified":"2026-01-21T18:34:54","modified_gmt":"2026-01-21T18:34:54","slug":"este-domingo-estaremos-en-la-feria-de-la-salud-y-el-bienestar-de-grado-defendiendo-el-papel-de-los-alimentos-ecologicos-en-nuestra-salud","status":"publish","type":"post","link":"https:\/\/www.copaeastur.org\/en\/este-domingo-estaremos-en-la-feria-de-la-salud-y-el-bienestar-de-grado-defendiendo-el-papel-de-los-alimentos-ecologicos-en-nuestra-salud\/","title":{"rendered":"Este domingo estaremos en la Feria de la Salud y el bienestar de Grado defendiendo el papel de los alimentos ecol\u00f3gicos en nuestra salud"},"content":{"rendered":"<p>El COPAE tendr\u00e1 un stand donde compartiremos informaci\u00f3n para que el p\u00fablico pueda encontrar los alimentos Ecol\u00f3gicos de Asturias que tienen m\u00e1s cerca y a las 12:00 daremos una charla de 10 minutos sobre \u201cLos alimentos ecol\u00f3gicos en el contexto de una alimentaci\u00f3n saludable\u201d.<\/p>\n<p>&nbsp;<\/p>\n<p>Adem\u00e1s, hemos organizado un showcooking para ese d\u00eda con alimentos ecol\u00f3gicos que llevar\u00e1 a cabo la Escuela de hosteler\u00eda del IES Valle de Aller. Aqu\u00ed podr\u00e9is ver una sencilla y sana receta con alimentos ecol\u00f3gicos que luego podr\u00e9is degustar.<\/p>\n<p>&nbsp;<\/p>\n<p>En la feria tambi\u00e9n estar\u00e1n con sus productos varios de los operadores ecol\u00f3gicos certificados por el COPAE.<\/p>\n<p>&nbsp;<\/p>\n<p><a href=\"https:\/\/www.copaeastur.org\/wp-content\/uploads\/2023\/06\/1-programaactividadesfinal.pdf\">PROGRAMA COPLETO DE LA SEMANA DE LA SALUD Y EL BIENESTAR DE GRADO<\/a><\/p>\n","protected":false},"excerpt":{"rendered":"<p>El COPAE tendr\u00e1 un stand donde compartiremos informaci\u00f3n para que el p\u00fablico pueda encontrar los alimentos Ecol\u00f3gicos de Asturias que tienen m\u00e1s cerca y a las 12:00 daremos una charla de 10 minutos sobre \u201cLos alimentos ecol\u00f3gicos en el contexto de una alimentaci\u00f3n saludable\u201d. &nbsp; Adem\u00e1s, hemos organizado un showcooking para ese d\u00eda con alimentos&#8230;<\/p>\n","protected":false},"author":5,"featured_media":20809,"comment_status":"closed","ping_status":"closed","sticky":false,"template":"","format":"standard","meta":[],"categories":[1],"tags":[],"_links":{"self":[{"href":"https:\/\/www.copaeastur.org\/en\/wp-json\/wp\/v2\/posts\/20808"}],"collection":[{"href":"https:\/\/www.copaeastur.org\/en\/wp-json\/wp\/v2\/posts"}],"about":[{"href":"https:\/\/www.copaeastur.org\/en\/wp-json\/wp\/v2\/types\/post"}],"author":[{"embeddable":true,"href":"https:\/\/www.copaeastur.org\/en\/wp-json\/wp\/v2\/users\/5"}],"replies":[{"embeddable":true,"href":"https:\/\/www.copaeastur.org\/en\/wp-json\/wp\/v2\/comments?post=20808"}],"version-history":[{"count":2,"href":"https:\/\/www.copaeastur.org\/en\/wp-json\/wp\/v2\/posts\/20808\/revisions"}],"predecessor-version":[{"id":20816,"href":"https:\/\/www.copaeastur.org\/en\/wp-json\/wp\/v2\/posts\/20808\/revisions\/20816"}],"wp:featuredmedia":[{"embeddable":true,"href":"https:\/\/www.copaeastur.org\/en\/wp-json\/wp\/v2\/media\/20809"}],"wp:attachment":[{"href":"https:\/\/www.copaeastur.org\/en\/wp-json\/wp\/v2\/media?parent=20808"}],"wp:term":[{"taxonomy":"category","embeddable":true,"href":"https:\/\/www.copaeastur.org\/en\/wp-json\/wp\/v2\/categories?post=20808"},{"taxonomy":"post_tag","embeddable":true,"href":"https:\/\/www.copaeastur.org\/en\/wp-json\/wp\/v2\/tags?post=20808"}],"curies":[{"name":"wp","href":"https:\/\/api.w.org\/{rel}","templated":true}]}}