{"id":20285,"date":"2023-01-19T11:34:31","date_gmt":"2023-01-19T11:34:31","guid":{"rendered":"https:\/\/www.copaeastur.org\/?p=20285"},"modified":"2026-01-21T18:35:12","modified_gmt":"2026-01-21T18:35:12","slug":"el-gobierno-aprueba-un-real-decreto-para-la-ordenacion-de-las-granjas-bovinas","status":"publish","type":"post","link":"https:\/\/www.copaeastur.org\/en\/el-gobierno-aprueba-un-real-decreto-para-la-ordenacion-de-las-granjas-bovinas\/","title":{"rendered":"El Gobierno aprueba un real decreto para la ordenaci\u00f3n de las granjas bovinas"},"content":{"rendered":"<p>[vc_row][vc_column][vc_column_text]El Gobierno aprueba un real decreto para la ordenaci\u00f3n de las granjas bovinas, que hasta ahora no contaban con una normativa nacional que las regulase, como s\u00ed ocurre con el sector porcino y el aviar.<\/p>\n<p>&nbsp;<\/p>\n<p><strong>La ganader\u00eda ecol\u00f3gica<\/strong>, sin embargo, cuenta con su propia regulaci\u00f3n de la UE desde hace tiempo y <strong>sigue teniendo la normativa oficial m\u00e1s exigente en cuanto a condiciones medioambientales y de bienestar animal.<\/strong><\/p>\n<p>&nbsp;<\/p>\n<p>Los retos planteados en el marco de la nueva Pol\u00edtica Agraria Com\u00fan 2023-2027, y los desaf\u00edos del Pacto Verde y de las estrategias de la granja a la mesa y de biodiversidad de la Uni\u00f3n Europea, justifican la necesidad de esta nueva normativa com\u00fan.<\/p>\n<p>&nbsp;<\/p>\n<p>Desde la entrada en vigor de este real decreto, las explotaciones de ganado bovino se clasifican por el tipo de explotaci\u00f3n, por su clasificaci\u00f3n zoot\u00e9cnica, por su sistema productivo y por su capacidad productiva (tama\u00f1o).<\/p>\n<p>&nbsp;<\/p>\n<p><strong>Dentro del sistema productivo se incluye adem\u00e1s la producci\u00f3n ecol\u00f3gica, para aquellas explotaciones que cuenten con la certificaci\u00f3n ecol\u00f3gica de la UE, como la que otorga el COPAE.<\/strong><\/p>\n<p>&nbsp;<\/p>\n<p><a href=\"https:\/\/www.mapa.gob.es\/es\/prensa\/ultimas-noticias\/el-gobierno-aprueba-un-real-decreto-para-la-ordenaci%C3%B3n-de-las-granjas-bovinas-\/tcm:30-640194\">Enlace a la nota de prensa del Ministerio de Agricultura, Pesca y Alimentaci\u00f3n.<\/a>[\/vc_column_text][vc_empty_space][vc_single_image image=&#8221;20286&#8243; img_size=&#8221;medium&#8221; alignment=&#8221;center&#8221;][\/vc_column][\/vc_row]<\/p>\n","protected":false},"excerpt":{"rendered":"<p>[vc_row][vc_column][vc_column_text]El Gobierno aprueba un real decreto para la ordenaci\u00f3n de las granjas bovinas, que hasta ahora no contaban con una normativa nacional que las regulase, como s\u00ed ocurre con el sector porcino y el aviar. &nbsp; La ganader\u00eda ecol\u00f3gica, sin embargo, cuenta con su propia regulaci\u00f3n de la UE desde hace tiempo y sigue teniendo&#8230;<\/p>\n","protected":false},"author":5,"featured_media":0,"comment_status":"closed","ping_status":"closed","sticky":false,"template":"","format":"standard","meta":[],"categories":[1],"tags":[],"_links":{"self":[{"href":"https:\/\/www.copaeastur.org\/en\/wp-json\/wp\/v2\/posts\/20285"}],"collection":[{"href":"https:\/\/www.copaeastur.org\/en\/wp-json\/wp\/v2\/posts"}],"about":[{"href":"https:\/\/www.copaeastur.org\/en\/wp-json\/wp\/v2\/types\/post"}],"author":[{"embeddable":true,"href":"https:\/\/www.copaeastur.org\/en\/wp-json\/wp\/v2\/users\/5"}],"replies":[{"embeddable":true,"href":"https:\/\/www.copaeastur.org\/en\/wp-json\/wp\/v2\/comments?post=20285"}],"version-history":[{"count":4,"href":"https:\/\/www.copaeastur.org\/en\/wp-json\/wp\/v2\/posts\/20285\/revisions"}],"predecessor-version":[{"id":20292,"href":"https:\/\/www.copaeastur.org\/en\/wp-json\/wp\/v2\/posts\/20285\/revisions\/20292"}],"wp:attachment":[{"href":"https:\/\/www.copaeastur.org\/en\/wp-json\/wp\/v2\/media?parent=20285"}],"wp:term":[{"taxonomy":"category","embeddable":true,"href":"https:\/\/www.copaeastur.org\/en\/wp-json\/wp\/v2\/categories?post=20285"},{"taxonomy":"post_tag","embeddable":true,"href":"https:\/\/www.copaeastur.org\/en\/wp-json\/wp\/v2\/tags?post=20285"}],"curies":[{"name":"wp","href":"https:\/\/api.w.org\/{rel}","templated":true}]}}