{"id":19951,"date":"2022-07-28T10:32:42","date_gmt":"2022-07-28T10:32:42","guid":{"rendered":"https:\/\/www.copaeastur.org\/?p=19951"},"modified":"2026-01-21T18:47:27","modified_gmt":"2026-01-21T18:47:27","slug":"vii-festival-del-arandano-y-frutos-rojos-de-asturias","status":"publish","type":"post","link":"https:\/\/www.copaeastur.org\/en\/vii-festival-del-arandano-y-frutos-rojos-de-asturias\/","title":{"rendered":"VII Festival del Ar\u00e1ndano y Frutos Rojos de Asturias"},"content":{"rendered":"<p>El s\u00e1bado 30 y domingo 31 de julio, en el Mercado del VII Festival del Ar\u00e1ndano y Frutos Rojos de Asturias, organizado por el Ayuntamiento de Villaviciosa y que cuenta con la colaboraci\u00f3n del COPAE, participan varios productores ofreciendo ar\u00e1ndanos y frutos rojos ecol\u00f3gicos con el certificado del COPAE.<\/p>\n<p>&nbsp;<\/p>\n<p>Recordar que podemos identificar los #AlimentosEcol\u00f3gicos gracias al etiquetado, si est\u00e1n envasados, con el logotipo europeo de productos ecol\u00f3gicos o \u201cEurohoja\u201d y el logotipo del COPAE. Si se trata de productores que venden alimentos a granel, se pueden encontrar los puestos identificados con el cartel de autorizaci\u00f3n de venta directa del COPAE, con los mismos logos.<\/p>\n<p>&nbsp;<\/p>\n<p>Los frutos rojos son alimentos muy saludables, y el Mercado del VII Festival del Ar\u00e1ndano y Frutos Rojos de Asturias permite aprovechar la oportunidad de disfrutar de productos locales, de temporada y ecol\u00f3gicos. La recomendaci\u00f3n del COPAE es elegir siempre #Alimentosecol\u00f3gicosdeAsturias.<\/p>\n<p>&nbsp;<\/p>\n<p>Por otra parte, dentro de la programaci\u00f3n del VII Festival del Ar\u00e1ndano y Frutos Rojos de Asturias, el viernes 29 de julio tiene lugar como en ediciones anteriores una Jornada T\u00e9cnica, que en esta ocasi\u00f3n incluye como novedad el desarrollo de un \u2018Conversatorio de Experiencias\u2019, en el que emprendedores de los ar\u00e1ndanos y los frutos rojos cuentan sus experiencias de negocio y en el que participa el productor certificado en ecol\u00f3gico por COPAE, To\u00f1o Garc\u00eda, de Ar\u00e1ndanos La Pe\u00f1a, quien aporta su visi\u00f3n como productor y comercializador con a\u00f1os de experiencia en mercado nacional e internacional.<\/p>\n<p>&nbsp;<\/p>\n<p>En la presente edici\u00f3n cabe destacar tambi\u00e9n como novedad, la celebraci\u00f3n del primer Concurso de Ar\u00e1ndanos y Frutos Rojos de Asturias.<\/p>\n<p>&nbsp;<\/p>\n<p>Toda la programaci\u00f3n del VII Festival del Ar\u00e1ndano y Frutos Rojos de Asturias en este enlace: <a href=\"https:\/\/www.copaeastur.org\/wp-content\/uploads\/2022\/07\/00-Programa-VII-Festival-del-Ar\u00e1ndano-y-Frutos-Rojos-1.pdf\" target=\"_blank\" rel=\"noopener noreferrer\">Programa VII Festival del Ar\u00e1ndano y Frutos Rojos<\/a><\/p>\n<p><img decoding=\"async\" loading=\"lazy\" class=\"aligncenter size-full wp-image-19955\" src=\"https:\/\/www.copaeastur.org\/wp-content\/uploads\/2022\/07\/FRESA-Y-AR\u00c1NDANOS-Twitter.png\" alt=\"\" width=\"1600\" height=\"900\" srcset=\"https:\/\/www.copaeastur.org\/wp-content\/uploads\/2022\/07\/FRESA-Y-AR\u00c1NDANOS-Twitter.png 1600w, https:\/\/www.copaeastur.org\/wp-content\/uploads\/2022\/07\/FRESA-Y-AR\u00c1NDANOS-Twitter-300x169.png 300w, https:\/\/www.copaeastur.org\/wp-content\/uploads\/2022\/07\/FRESA-Y-AR\u00c1NDANOS-Twitter-768x432.png 768w, https:\/\/www.copaeastur.org\/wp-content\/uploads\/2022\/07\/FRESA-Y-AR\u00c1NDANOS-Twitter-1024x576.png 1024w\" sizes=\"(max-width: 1600px) 100vw, 1600px\" \/><\/p>\n","protected":false},"excerpt":{"rendered":"<p>El s\u00e1bado 30 y domingo 31 de julio, en el Mercado del VII Festival del Ar\u00e1ndano y Frutos Rojos de Asturias, organizado por el Ayuntamiento de Villaviciosa y que cuenta con la colaboraci\u00f3n del COPAE, participan varios productores ofreciendo ar\u00e1ndanos y frutos rojos ecol\u00f3gicos con el certificado del COPAE. &nbsp; Recordar que podemos identificar los&#8230;<\/p>\n","protected":false},"author":2,"featured_media":0,"comment_status":"closed","ping_status":"closed","sticky":false,"template":"","format":"standard","meta":[],"categories":[1,174],"tags":[],"_links":{"self":[{"href":"https:\/\/www.copaeastur.org\/en\/wp-json\/wp\/v2\/posts\/19951"}],"collection":[{"href":"https:\/\/www.copaeastur.org\/en\/wp-json\/wp\/v2\/posts"}],"about":[{"href":"https:\/\/www.copaeastur.org\/en\/wp-json\/wp\/v2\/types\/post"}],"author":[{"embeddable":true,"href":"https:\/\/www.copaeastur.org\/en\/wp-json\/wp\/v2\/users\/2"}],"replies":[{"embeddable":true,"href":"https:\/\/www.copaeastur.org\/en\/wp-json\/wp\/v2\/comments?post=19951"}],"version-history":[{"count":4,"href":"https:\/\/www.copaeastur.org\/en\/wp-json\/wp\/v2\/posts\/19951\/revisions"}],"predecessor-version":[{"id":19964,"href":"https:\/\/www.copaeastur.org\/en\/wp-json\/wp\/v2\/posts\/19951\/revisions\/19964"}],"wp:attachment":[{"href":"https:\/\/www.copaeastur.org\/en\/wp-json\/wp\/v2\/media?parent=19951"}],"wp:term":[{"taxonomy":"category","embeddable":true,"href":"https:\/\/www.copaeastur.org\/en\/wp-json\/wp\/v2\/categories?post=19951"},{"taxonomy":"post_tag","embeddable":true,"href":"https:\/\/www.copaeastur.org\/en\/wp-json\/wp\/v2\/tags?post=19951"}],"curies":[{"name":"wp","href":"https:\/\/api.w.org\/{rel}","templated":true}]}}