{"id":19573,"date":"2022-01-25T14:05:25","date_gmt":"2022-01-25T14:05:25","guid":{"rendered":"https:\/\/www.copaeastur.org\/?p=19573"},"modified":"2026-01-21T18:49:20","modified_gmt":"2026-01-21T18:49:20","slug":"apuesta-por-la-alimentacion-saludable-en-los-comedores-escolares-de-asturias","status":"publish","type":"post","link":"https:\/\/www.copaeastur.org\/en\/apuesta-por-la-alimentacion-saludable-en-los-comedores-escolares-de-asturias\/","title":{"rendered":"Apuesta por la alimentaci\u00f3n saludable en los comedores escolares de Asturias"},"content":{"rendered":"<p>32 colegios p\u00fablicos de Gij\u00f3n recibir\u00e1n, a partir de febrero, un men\u00fa ecol\u00f3gico a la semana. El postre ser\u00e1 yogur ecol\u00f3gico con leche producida en Asturias de la marca Los Caserinos. Una apuesta del Ayto de Gij\u00f3n por mejorar los men\u00fas escolares siguiendo las recomendaciones de Salud P\u00fablica en la Estrategia NAOS y el Programa de alimentaci\u00f3n saludable y de producci\u00f3n ecol\u00f3gica en los comedores escolares de Asturias, en el que participa el COPAE junto con las consejer\u00edas de Salud, Educaci\u00f3n y de Medio Rural.<\/p>\n<p><img decoding=\"async\" loading=\"lazy\" class=\"size-medium wp-image-19574 aligncenter\" src=\"https:\/\/www.copaeastur.org\/wp-content\/uploads\/2022\/01\/IMG_7386-242x300.jpg\" alt=\"\" width=\"242\" height=\"300\" srcset=\"https:\/\/www.copaeastur.org\/wp-content\/uploads\/2022\/01\/IMG_7386-242x300.jpg 242w, https:\/\/www.copaeastur.org\/wp-content\/uploads\/2022\/01\/IMG_7386-768x950.jpg 768w, https:\/\/www.copaeastur.org\/wp-content\/uploads\/2022\/01\/IMG_7386-827x1024.jpg 827w, https:\/\/www.copaeastur.org\/wp-content\/uploads\/2022\/01\/IMG_7386.jpg 1242w\" sizes=\"(max-width: 242px) 100vw, 242px\" \/><\/p>\n","protected":false},"excerpt":{"rendered":"<p>32 colegios p\u00fablicos de Gij\u00f3n recibir\u00e1n, a partir de febrero, un men\u00fa ecol\u00f3gico a la semana. El postre ser\u00e1 yogur ecol\u00f3gico con leche producida en Asturias de la marca Los Caserinos. Una apuesta del Ayto de Gij\u00f3n por mejorar los men\u00fas escolares siguiendo las recomendaciones de Salud P\u00fablica en la Estrategia NAOS y el Programa&#8230;<\/p>\n","protected":false},"author":5,"featured_media":0,"comment_status":"closed","ping_status":"closed","sticky":false,"template":"","format":"standard","meta":[],"categories":[1],"tags":[],"_links":{"self":[{"href":"https:\/\/www.copaeastur.org\/en\/wp-json\/wp\/v2\/posts\/19573"}],"collection":[{"href":"https:\/\/www.copaeastur.org\/en\/wp-json\/wp\/v2\/posts"}],"about":[{"href":"https:\/\/www.copaeastur.org\/en\/wp-json\/wp\/v2\/types\/post"}],"author":[{"embeddable":true,"href":"https:\/\/www.copaeastur.org\/en\/wp-json\/wp\/v2\/users\/5"}],"replies":[{"embeddable":true,"href":"https:\/\/www.copaeastur.org\/en\/wp-json\/wp\/v2\/comments?post=19573"}],"version-history":[{"count":2,"href":"https:\/\/www.copaeastur.org\/en\/wp-json\/wp\/v2\/posts\/19573\/revisions"}],"predecessor-version":[{"id":19578,"href":"https:\/\/www.copaeastur.org\/en\/wp-json\/wp\/v2\/posts\/19573\/revisions\/19578"}],"wp:attachment":[{"href":"https:\/\/www.copaeastur.org\/en\/wp-json\/wp\/v2\/media?parent=19573"}],"wp:term":[{"taxonomy":"category","embeddable":true,"href":"https:\/\/www.copaeastur.org\/en\/wp-json\/wp\/v2\/categories?post=19573"},{"taxonomy":"post_tag","embeddable":true,"href":"https:\/\/www.copaeastur.org\/en\/wp-json\/wp\/v2\/tags?post=19573"}],"curies":[{"name":"wp","href":"https:\/\/api.w.org\/{rel}","templated":true}]}}