{"id":19512,"date":"2021-11-02T17:15:48","date_gmt":"2021-11-02T17:15:48","guid":{"rendered":"https:\/\/www.copaeastur.org\/?p=19512"},"modified":"2026-01-21T18:49:20","modified_gmt":"2026-01-21T18:49:20","slug":"international-cheese-festival","status":"publish","type":"post","link":"https:\/\/www.copaeastur.org\/en\/international-cheese-festival\/","title":{"rendered":"International Cheese Festival"},"content":{"rendered":"<p>El Asturias Para\u00edso Natural International Cheese Festival @internationalcheesefestival 2021, se celebrar\u00e1 del 3 al 6 de noviembre en el El Palacio de Exposiciones y Congresos Ciudad de #Oviedo.<br \/>\n&nbsp;<br \/>\nEl festival divide el Palacio de Exposiciones de Oviedo en siete grandes \u00e1reas en las que se podr\u00e1 catar, comprar, cocinar o descubrir las novedades del sector quesero.<br \/>\n&nbsp;<br \/>\nEl World Cheese Awards es el concurso internacional de quesos m\u00e1s reconocido del continente.<br \/>\n&nbsp;<br \/>\nOrganizado por The Guild of Fine Food, los World Cheese Awards han reunido desde hace d\u00e9cadas a profesionales dedicados al queso.<br \/>\n&nbsp;<br \/>\nEn su 33\u00aa edici\u00f3n 4.000 quesos de los 5 continentes participar\u00e1n en el concurso internacional de quesos m\u00e1s reconocido del mundo y ser\u00e1n valorados por 250 jueces internacionales.<br \/>\n&nbsp;<br \/>\nEl @internationalcheesefestival 2021, con el Instituto del Queso @institutodelqueso como promotor, ser\u00e1 un punto de encuentro entre amantes del queso de todos los niveles y las queser\u00edas.<br \/>\nSe podr\u00e1 probar, comprar, aprender y hasta recibir de primera mano las novedades de un sector, el lactoquesero, en constante evoluci\u00f3n.<br \/>\n&nbsp;<br \/>\nLos quesos ecol\u00f3gicos asturianos de @copaeasturias estar\u00e1n presentes: Quesu Ov\u00edn, Queser\u00eda Asiegu, Queso de Var\u00e9 y Queser\u00eda La Casa Vieya. Tambi\u00e9n una zona habilitada de la marca @alimentosdelparaisonatural, donde tambi\u00e9n podr\u00e9is descubrir e informaros de todos los alimentos y productos ecol\u00f3gicos asturianos | #CopaeAsturias.<\/p>\n<p>\u00a1Os esperamos! ??<\/p>\n<p><img decoding=\"async\" loading=\"lazy\" src=\"https:\/\/www.copaeastur.org\/wp-content\/uploads\/2021\/11\/IMG_7278-300x172.jpg\" alt=\"\" width=\"300\" height=\"172\" class=\"aligncenter size-medium wp-image-19513\" srcset=\"https:\/\/www.copaeastur.org\/wp-content\/uploads\/2021\/11\/IMG_7278-300x172.jpg 300w, https:\/\/www.copaeastur.org\/wp-content\/uploads\/2021\/11\/IMG_7278-768x439.jpg 768w, https:\/\/www.copaeastur.org\/wp-content\/uploads\/2021\/11\/IMG_7278-1024x586.jpg 1024w, https:\/\/www.copaeastur.org\/wp-content\/uploads\/2021\/11\/IMG_7278.jpg 1440w\" sizes=\"(max-width: 300px) 100vw, 300px\" \/><\/p>\n<p><img decoding=\"async\" loading=\"lazy\" src=\"https:\/\/www.copaeastur.org\/wp-content\/uploads\/2021\/11\/IMG_7281-300x300.jpg\" alt=\"\" width=\"300\" height=\"300\" class=\"aligncenter size-medium wp-image-19516\" srcset=\"https:\/\/www.copaeastur.org\/wp-content\/uploads\/2021\/11\/IMG_7281-300x300.jpg 300w, https:\/\/www.copaeastur.org\/wp-content\/uploads\/2021\/11\/IMG_7281-150x150.jpg 150w, https:\/\/www.copaeastur.org\/wp-content\/uploads\/2021\/11\/IMG_7281-768x768.jpg 768w, https:\/\/www.copaeastur.org\/wp-content\/uploads\/2021\/11\/IMG_7281-1024x1024.jpg 1024w, https:\/\/www.copaeastur.org\/wp-content\/uploads\/2021\/11\/IMG_7281-550x550.jpg 550w, https:\/\/www.copaeastur.org\/wp-content\/uploads\/2021\/11\/IMG_7281-1000x1000.jpg 1000w, https:\/\/www.copaeastur.org\/wp-content\/uploads\/2021\/11\/IMG_7281.jpg 1688w\" sizes=\"(max-width: 300px) 100vw, 300px\" \/><\/p>\n<p><img decoding=\"async\" loading=\"lazy\" src=\"https:\/\/www.copaeastur.org\/wp-content\/uploads\/2021\/11\/IMG_7282-300x300.jpg\" alt=\"\" width=\"300\" height=\"300\" class=\"aligncenter size-medium wp-image-19519\" srcset=\"https:\/\/www.copaeastur.org\/wp-content\/uploads\/2021\/11\/IMG_7282-300x300.jpg 300w, https:\/\/www.copaeastur.org\/wp-content\/uploads\/2021\/11\/IMG_7282-150x150.jpg 150w, https:\/\/www.copaeastur.org\/wp-content\/uploads\/2021\/11\/IMG_7282-768x768.jpg 768w, https:\/\/www.copaeastur.org\/wp-content\/uploads\/2021\/11\/IMG_7282-1024x1024.jpg 1024w, https:\/\/www.copaeastur.org\/wp-content\/uploads\/2021\/11\/IMG_7282-550x550.jpg 550w, https:\/\/www.copaeastur.org\/wp-content\/uploads\/2021\/11\/IMG_7282-1000x1000.jpg 1000w, https:\/\/www.copaeastur.org\/wp-content\/uploads\/2021\/11\/IMG_7282.jpg 1080w\" sizes=\"(max-width: 300px) 100vw, 300px\" \/><\/p>\n","protected":false},"excerpt":{"rendered":"<p>El Asturias Para\u00edso Natural International Cheese Festival @internationalcheesefestival 2021, se celebrar\u00e1 del 3 al 6 de noviembre en el El Palacio de Exposiciones y Congresos Ciudad de #Oviedo. &nbsp; El festival divide el Palacio de Exposiciones de Oviedo en siete grandes \u00e1reas en las que se podr\u00e1 catar, comprar, cocinar o descubrir las novedades del&#8230;<\/p>\n","protected":false},"author":2,"featured_media":0,"comment_status":"closed","ping_status":"closed","sticky":false,"template":"","format":"standard","meta":[],"categories":[1,174],"tags":[],"_links":{"self":[{"href":"https:\/\/www.copaeastur.org\/en\/wp-json\/wp\/v2\/posts\/19512"}],"collection":[{"href":"https:\/\/www.copaeastur.org\/en\/wp-json\/wp\/v2\/posts"}],"about":[{"href":"https:\/\/www.copaeastur.org\/en\/wp-json\/wp\/v2\/types\/post"}],"author":[{"embeddable":true,"href":"https:\/\/www.copaeastur.org\/en\/wp-json\/wp\/v2\/users\/2"}],"replies":[{"embeddable":true,"href":"https:\/\/www.copaeastur.org\/en\/wp-json\/wp\/v2\/comments?post=19512"}],"version-history":[{"count":1,"href":"https:\/\/www.copaeastur.org\/en\/wp-json\/wp\/v2\/posts\/19512\/revisions"}],"predecessor-version":[{"id":19522,"href":"https:\/\/www.copaeastur.org\/en\/wp-json\/wp\/v2\/posts\/19512\/revisions\/19522"}],"wp:attachment":[{"href":"https:\/\/www.copaeastur.org\/en\/wp-json\/wp\/v2\/media?parent=19512"}],"wp:term":[{"taxonomy":"category","embeddable":true,"href":"https:\/\/www.copaeastur.org\/en\/wp-json\/wp\/v2\/categories?post=19512"},{"taxonomy":"post_tag","embeddable":true,"href":"https:\/\/www.copaeastur.org\/en\/wp-json\/wp\/v2\/tags?post=19512"}],"curies":[{"name":"wp","href":"https:\/\/api.w.org\/{rel}","templated":true}]}}