{"id":21408,"date":"2024-10-18T09:02:29","date_gmt":"2024-10-18T09:02:29","guid":{"rendered":"https:\/\/www.copaeastur.org\/?p=21408"},"modified":"2026-01-21T18:34:35","modified_gmt":"2026-01-21T18:34:35","slug":"curso-de-control-de-arvenses-en-huerta-ecologica-comercial","status":"publish","type":"post","link":"https:\/\/www.copaeastur.org\/as\/curso-de-control-de-arvenses-en-huerta-ecologica-comercial\/","title":{"rendered":"Curso de control de Arvenses en huerta ecol\u00f3gica comercial"},"content":{"rendered":"<p>[vc_row][vc_column][vc_column_text]Los d\u00edas 8 y 9 de noviembre tendr\u00e1 lugar en la <a href=\"https:\/\/maps.app.goo.gl\/yJAFfVKXbj3aNdbh6\" target=\"_blank\" rel=\"noopener\">Finca el Cabill\u00f3n<\/a>, en Tapia de Casariego, un curso sobre control de arvenses para huertas ecol\u00f3gicas comerciales. Podr\u00e1n apuntarse todas las personas interesadas, pero tendr\u00e1n preferencia los operadores del COPAE en caso de que se cubran todas las plazas.<\/p>\n<p>Para inscribirse hay que enviar un correo electr\u00f3nico a la direcci\u00f3n que hay en el cartel, indicando el nombre completo de la persona que asistir\u00e1 al curso, el n\u00famero de tel\u00e9fono y, si pertenece al COAPAE, su n\u00famero de operador.[\/vc_column_text][\/vc_column][\/vc_row]<\/p>\n","protected":false},"excerpt":{"rendered":"<p>[vc_row][vc_column][vc_column_text]Los d\u00edas 8 y 9 de noviembre tendr\u00e1 lugar en la Finca el Cabill\u00f3n, en Tapia de Casariego, un curso sobre control de arvenses para huertas ecol\u00f3gicas comerciales. Podr\u00e1n apuntarse todas las personas interesadas, pero tendr\u00e1n preferencia los operadores del COPAE en caso de que se cubran todas las plazas. Para inscribirse hay que enviar&#8230;<\/p>\n","protected":false},"author":5,"featured_media":21409,"comment_status":"closed","ping_status":"closed","sticky":false,"template":"","format":"standard","meta":[],"categories":[1],"tags":[],"_links":{"self":[{"href":"https:\/\/www.copaeastur.org\/as\/wp-json\/wp\/v2\/posts\/21408"}],"collection":[{"href":"https:\/\/www.copaeastur.org\/as\/wp-json\/wp\/v2\/posts"}],"about":[{"href":"https:\/\/www.copaeastur.org\/as\/wp-json\/wp\/v2\/types\/post"}],"author":[{"embeddable":true,"href":"https:\/\/www.copaeastur.org\/as\/wp-json\/wp\/v2\/users\/5"}],"replies":[{"embeddable":true,"href":"https:\/\/www.copaeastur.org\/as\/wp-json\/wp\/v2\/comments?post=21408"}],"version-history":[{"count":1,"href":"https:\/\/www.copaeastur.org\/as\/wp-json\/wp\/v2\/posts\/21408\/revisions"}],"predecessor-version":[{"id":21412,"href":"https:\/\/www.copaeastur.org\/as\/wp-json\/wp\/v2\/posts\/21408\/revisions\/21412"}],"wp:featuredmedia":[{"embeddable":true,"href":"https:\/\/www.copaeastur.org\/as\/wp-json\/wp\/v2\/media\/21409"}],"wp:attachment":[{"href":"https:\/\/www.copaeastur.org\/as\/wp-json\/wp\/v2\/media?parent=21408"}],"wp:term":[{"taxonomy":"category","embeddable":true,"href":"https:\/\/www.copaeastur.org\/as\/wp-json\/wp\/v2\/categories?post=21408"},{"taxonomy":"post_tag","embeddable":true,"href":"https:\/\/www.copaeastur.org\/as\/wp-json\/wp\/v2\/tags?post=21408"}],"curies":[{"name":"wp","href":"https:\/\/api.w.org\/{rel}","templated":true}]}}