{"id":20512,"date":"2023-03-29T08:46:33","date_gmt":"2023-03-29T08:46:33","guid":{"rendered":"https:\/\/www.copaeastur.org\/?p=20512"},"modified":"2026-01-21T18:34:55","modified_gmt":"2026-01-21T18:34:55","slug":"el-copae-participo-ayer-en-el-encuentro-intergeneracional-e-interinstitucional-celebrado-ayer-en-el-centro-social-y-centro-de-dia-de-personas-mayores-de-turon","status":"publish","type":"post","link":"https:\/\/www.copaeastur.org\/as\/el-copae-participo-ayer-en-el-encuentro-intergeneracional-e-interinstitucional-celebrado-ayer-en-el-centro-social-y-centro-de-dia-de-personas-mayores-de-turon\/","title":{"rendered":"El COPAE particip\u00f3 ayer en el encuentro intergeneracional e interinstitucional celebrado ayer en el Centro Social y Centro de D\u00eda de Personas Mayores de Tur\u00f3n"},"content":{"rendered":"<p>La jornada organizada por el Ayuntamiento de Mieres y la Consejer\u00eda de Derechos Sociales y Bienestar tiene el objetivo de promover una sociedad accesible, inclusiva y amable para todas las personas, que favorezca un modelo de vida saludable y respetuoso con el medio ambiente. Para favorecer del\u00a0 intercambio de saberes, que propicie el buen trato y las relaciones sociales entre generaciones, y desarrollar una conciencia positiva sobre la vejez, como etapa vital que ofrece nuevas oportunidades de desarrollo personal y social, ha puesto en valor con esta jornada la importancia de los g\u00fcertos familiares y de conservar y compartir simientes locales.<\/p>\n<p>&nbsp;<\/p>\n<p>Ayer el COPAE tambi\u00e9n present\u00f3 el proyecto de Red de Huertos Escolares Ecol\u00f3gicos de Asturias, una iniciativa promovida por el consejo y Ekieco, con la colaboraci\u00f3n de la Consejer\u00eda de Medio Rural y la Caja Rural de Asturias.<\/p>\n<p>&nbsp;<\/p>\n<p>En el\u00a0 encuentro participaron varios centros educativos de la Red, de los concejos de Mieres y Lena.<\/p>\n<p>&nbsp;<\/p>\n<p>M\u00e1s informaci\u00f3n de la red en <a href=\"http:\/\/www.copaeastur.org\/es\/red-de-huertos-escolares-ecologicos-de-asturias\/\">www.copaeastur.org\/es\/red-de-huertos-escolares-ecologicos-de-asturias\/<\/a><\/p>\n","protected":false},"excerpt":{"rendered":"<p>La jornada organizada por el Ayuntamiento de Mieres y la Consejer\u00eda de Derechos Sociales y Bienestar tiene el objetivo de promover una sociedad accesible, inclusiva y amable para todas las personas, que favorezca un modelo de vida saludable y respetuoso con el medio ambiente. Para favorecer del\u00a0 intercambio de saberes, que propicie el buen trato&#8230;<\/p>\n","protected":false},"author":5,"featured_media":20513,"comment_status":"closed","ping_status":"closed","sticky":false,"template":"","format":"standard","meta":[],"categories":[1],"tags":[],"_links":{"self":[{"href":"https:\/\/www.copaeastur.org\/as\/wp-json\/wp\/v2\/posts\/20512"}],"collection":[{"href":"https:\/\/www.copaeastur.org\/as\/wp-json\/wp\/v2\/posts"}],"about":[{"href":"https:\/\/www.copaeastur.org\/as\/wp-json\/wp\/v2\/types\/post"}],"author":[{"embeddable":true,"href":"https:\/\/www.copaeastur.org\/as\/wp-json\/wp\/v2\/users\/5"}],"replies":[{"embeddable":true,"href":"https:\/\/www.copaeastur.org\/as\/wp-json\/wp\/v2\/comments?post=20512"}],"version-history":[{"count":2,"href":"https:\/\/www.copaeastur.org\/as\/wp-json\/wp\/v2\/posts\/20512\/revisions"}],"predecessor-version":[{"id":20517,"href":"https:\/\/www.copaeastur.org\/as\/wp-json\/wp\/v2\/posts\/20512\/revisions\/20517"}],"wp:featuredmedia":[{"embeddable":true,"href":"https:\/\/www.copaeastur.org\/as\/wp-json\/wp\/v2\/media\/20513"}],"wp:attachment":[{"href":"https:\/\/www.copaeastur.org\/as\/wp-json\/wp\/v2\/media?parent=20512"}],"wp:term":[{"taxonomy":"category","embeddable":true,"href":"https:\/\/www.copaeastur.org\/as\/wp-json\/wp\/v2\/categories?post=20512"},{"taxonomy":"post_tag","embeddable":true,"href":"https:\/\/www.copaeastur.org\/as\/wp-json\/wp\/v2\/tags?post=20512"}],"curies":[{"name":"wp","href":"https:\/\/api.w.org\/{rel}","templated":true}]}}