{"id":20434,"date":"2023-03-03T09:31:25","date_gmt":"2023-03-03T09:31:25","guid":{"rendered":"https:\/\/www.copaeastur.org\/?p=20434"},"modified":"2026-01-21T18:35:11","modified_gmt":"2026-01-21T18:35:11","slug":"el-copae-participa-en-las-vi-jornadas-del-orgullo-rural","status":"publish","type":"post","link":"https:\/\/www.copaeastur.org\/as\/el-copae-participa-en-las-vi-jornadas-del-orgullo-rural\/","title":{"rendered":"El COPAE participa en las VI Jornadas del Orgullo Rural"},"content":{"rendered":"<p>[vc_row][vc_column][vc_column_text]Las VI Jornadas del Orgullo Rural organizadas por el I.E.S. Concejo de Tineo tendr\u00e1n este a\u00f1o la agroecolog\u00eda como tem\u00e1tica central. El COPAE participar\u00e1 en esta ocasi\u00f3n con una charla sobre el presente, pasado y futuro de la agroecolog\u00eda, a cargo del director t\u00e9cnico Carlos Nu\u00f1o Palacio. Estas jornadas tendr\u00e1n lugar los d\u00edas 8 y 9 de marzo.<\/p>\n<p>&nbsp;<\/p>\n<p>[\/vc_column_text][vc_single_image image=&#8221;20435&#8243; img_size=&#8221;full&#8221;][\/vc_column][\/vc_row]<\/p>\n","protected":false},"excerpt":{"rendered":"<p>[vc_row][vc_column][vc_column_text]Las VI Jornadas del Orgullo Rural organizadas por el I.E.S. Concejo de Tineo tendr\u00e1n este a\u00f1o la agroecolog\u00eda como tem\u00e1tica central. El COPAE participar\u00e1 en esta ocasi\u00f3n con una charla sobre el presente, pasado y futuro de la agroecolog\u00eda, a cargo del director t\u00e9cnico Carlos Nu\u00f1o Palacio. Estas jornadas tendr\u00e1n lugar los d\u00edas 8 y&#8230;<\/p>\n","protected":false},"author":5,"featured_media":0,"comment_status":"closed","ping_status":"closed","sticky":false,"template":"","format":"standard","meta":[],"categories":[1],"tags":[],"_links":{"self":[{"href":"https:\/\/www.copaeastur.org\/as\/wp-json\/wp\/v2\/posts\/20434"}],"collection":[{"href":"https:\/\/www.copaeastur.org\/as\/wp-json\/wp\/v2\/posts"}],"about":[{"href":"https:\/\/www.copaeastur.org\/as\/wp-json\/wp\/v2\/types\/post"}],"author":[{"embeddable":true,"href":"https:\/\/www.copaeastur.org\/as\/wp-json\/wp\/v2\/users\/5"}],"replies":[{"embeddable":true,"href":"https:\/\/www.copaeastur.org\/as\/wp-json\/wp\/v2\/comments?post=20434"}],"version-history":[{"count":3,"href":"https:\/\/www.copaeastur.org\/as\/wp-json\/wp\/v2\/posts\/20434\/revisions"}],"predecessor-version":[{"id":20440,"href":"https:\/\/www.copaeastur.org\/as\/wp-json\/wp\/v2\/posts\/20434\/revisions\/20440"}],"wp:attachment":[{"href":"https:\/\/www.copaeastur.org\/as\/wp-json\/wp\/v2\/media?parent=20434"}],"wp:term":[{"taxonomy":"category","embeddable":true,"href":"https:\/\/www.copaeastur.org\/as\/wp-json\/wp\/v2\/categories?post=20434"},{"taxonomy":"post_tag","embeddable":true,"href":"https:\/\/www.copaeastur.org\/as\/wp-json\/wp\/v2\/tags?post=20434"}],"curies":[{"name":"wp","href":"https:\/\/api.w.org\/{rel}","templated":true}]}}