{"id":19995,"date":"2022-09-06T08:28:42","date_gmt":"2022-09-06T08:28:42","guid":{"rendered":"https:\/\/www.copaeastur.org\/?p=19995"},"modified":"2026-01-21T18:35:13","modified_gmt":"2026-01-21T18:35:13","slug":"eco21-vegadeo-2022-la-muestra-de-agricultura-ecologica-y-desarrollo-sostenible-de-oscos-eo","status":"publish","type":"post","link":"https:\/\/www.copaeastur.org\/as\/eco21-vegadeo-2022-la-muestra-de-agricultura-ecologica-y-desarrollo-sostenible-de-oscos-eo\/","title":{"rendered":"ECO21 Vegadeo \u2013 2022, la Muestra de Agricultura Ecol\u00f3gica y Desarrollo Sostenible de Oscos \u2013 Eo"},"content":{"rendered":"<p>El s\u00e1bado 3 y domingo 4 de septiembre se desarrolla la 18\u00aa Edici\u00f3n de ECO21 Vegadeo \u2013 2022, la Muestra de Agricultura Ecol\u00f3gica y Desarrollo Sostenible de Oscos \u2013 Eo, organizada en el Recinto Ferial de Vegadeo por el ayuntamiento de este concejo asturiano.<\/p>\n<p>&nbsp;<\/p>\n<p>En la inauguraci\u00f3n participa C\u00e9sar \u00c1lvarez Fern\u00e1ndez, alcalde del Ayuntamiento de Vegadeo (1\u00ba dcha. en la imagen), Bego\u00f1a L\u00f3pez Fern\u00e1ndez, directora general de Desarrollo Rural y Agroalimentaci\u00f3n de la Consejer\u00eda de Medio Rural del Gobierno de Asturias, y est\u00e1 presente Jos\u00e9 L\u00f3pez Castelao, vocal de ganader\u00eda de COPAE.<\/p>\n<p>&nbsp;<\/p>\n<p>En el Mercado de productos certificados de agricultura ecol\u00f3gica, se pueden encontrar productos ecol\u00f3gicos de Asturias y Galicia, contando con la presencia de estos operadores certificados por #COPAE:<\/p>\n<ul>\n<li>Campos de Herminia<\/li>\n<li>Agrecoastur<\/li>\n<li>Finca El Cabill\u00f3n<\/li>\n<li>Asturias Best Berries<\/li>\n<li>A Horta de Sancoveiga<\/li>\n<li>Bioastur<\/li>\n<li>Acueo<\/li>\n<\/ul>\n<p>&nbsp;<\/p>\n<p>Para todos los visitantes que realizan una compra en el Mercado, se celebra un sorteo de productos ecol\u00f3gicos, por obsequio de los expositores.<\/p>\n<p>&nbsp;<\/p>\n<p>Adem\u00e1s de charlas, mesas redondas y degustaci\u00f3n de hamburguesa ecol\u00f3gica de ternera asturiana ofrecida por @Bioastur, los visitantes pueden disfrutar de:<\/p>\n<ul>\n<li>la Exposici\u00f3n \u2018Sin Biodiversidad no hay vida\u2019 (ecoloxistes n\u2019Acci\u00f3n)<\/li>\n<li>la muestra de animales: cabra bermeya, ovella xalda, asturcones y ponys shetland (ganader\u00eda ecol\u00f3gica CABO, Jos\u00e9 Domingo L\u00f3pez)<\/li>\n<li>y el s\u00e1bado a las 20.30 horas, en el Auditorio F\u00e9lix Men\u00e9ndez: de la proyecci\u00f3n del documental \u2018Los \u00faltimos de la Mejana, rebeli\u00f3n y esperanza\u2019 con posterior coloquio con su director Patxi Uriz, en el que participa Jes\u00fas Francisco M\u00e9ndez Fern\u00e1ndez, vocal de ganader\u00eda del COPAE, y en la que se ofrece un \u00e1gape de productos ecol\u00f3gicos.<\/li>\n<\/ul>\n<p>&nbsp;<\/p>\n<p>Tienes m\u00e1s informaci\u00f3n sobre el desarrollo de ECO21 Vegadeo \u2013 2022, en este noticia de El Comercio, en la que Jos\u00e9 L\u00f3pez Castelao, vocal de ganader\u00eda de COPAE, remarca el impulso promocional para la producci\u00f3n ecol\u00f3gica de estas ferias tradicionales y la necesidad de que las administraciones apuesten realmente por dicha producci\u00f3n:<\/p>\n<ul>\n<li><a href=\"https:\/\/www.elcomercio.es\/asturias\/heroes-del-campo\/asturias-produce-alimentos-20220904000733-ntvo.html\" target=\"_blank\" rel=\"noopener noreferrer\">Enlace noticia EL COMERCIO<\/a><\/li>\n<\/ul>\n<p><img decoding=\"async\" loading=\"lazy\" class=\"aligncenter size-full wp-image-19996\" src=\"https:\/\/www.copaeastur.org\/wp-content\/uploads\/2022\/09\/1.jpg\" alt=\"\" width=\"4624\" height=\"3472\" srcset=\"https:\/\/www.copaeastur.org\/wp-content\/uploads\/2022\/09\/1.jpg 4624w, https:\/\/www.copaeastur.org\/wp-content\/uploads\/2022\/09\/1-300x225.jpg 300w, https:\/\/www.copaeastur.org\/wp-content\/uploads\/2022\/09\/1-768x577.jpg 768w, https:\/\/www.copaeastur.org\/wp-content\/uploads\/2022\/09\/1-1024x769.jpg 1024w, https:\/\/www.copaeastur.org\/wp-content\/uploads\/2022\/09\/1-800x600.jpg 800w\" sizes=\"(max-width: 4624px) 100vw, 4624px\" \/><\/p>\n","protected":false},"excerpt":{"rendered":"<p>El s\u00e1bado 3 y domingo 4 de septiembre se desarrolla la 18\u00aa Edici\u00f3n de ECO21 Vegadeo \u2013 2022, la Muestra de Agricultura Ecol\u00f3gica y Desarrollo Sostenible de Oscos \u2013 Eo, organizada en el Recinto Ferial de Vegadeo por el ayuntamiento de este concejo asturiano. &nbsp; En la inauguraci\u00f3n participa C\u00e9sar \u00c1lvarez Fern\u00e1ndez, alcalde del Ayuntamiento&#8230;<\/p>\n","protected":false},"author":2,"featured_media":0,"comment_status":"closed","ping_status":"closed","sticky":false,"template":"","format":"standard","meta":[],"categories":[1,174],"tags":[],"_links":{"self":[{"href":"https:\/\/www.copaeastur.org\/as\/wp-json\/wp\/v2\/posts\/19995"}],"collection":[{"href":"https:\/\/www.copaeastur.org\/as\/wp-json\/wp\/v2\/posts"}],"about":[{"href":"https:\/\/www.copaeastur.org\/as\/wp-json\/wp\/v2\/types\/post"}],"author":[{"embeddable":true,"href":"https:\/\/www.copaeastur.org\/as\/wp-json\/wp\/v2\/users\/2"}],"replies":[{"embeddable":true,"href":"https:\/\/www.copaeastur.org\/as\/wp-json\/wp\/v2\/comments?post=19995"}],"version-history":[{"count":1,"href":"https:\/\/www.copaeastur.org\/as\/wp-json\/wp\/v2\/posts\/19995\/revisions"}],"predecessor-version":[{"id":19999,"href":"https:\/\/www.copaeastur.org\/as\/wp-json\/wp\/v2\/posts\/19995\/revisions\/19999"}],"wp:attachment":[{"href":"https:\/\/www.copaeastur.org\/as\/wp-json\/wp\/v2\/media?parent=19995"}],"wp:term":[{"taxonomy":"category","embeddable":true,"href":"https:\/\/www.copaeastur.org\/as\/wp-json\/wp\/v2\/categories?post=19995"},{"taxonomy":"post_tag","embeddable":true,"href":"https:\/\/www.copaeastur.org\/as\/wp-json\/wp\/v2\/tags?post=19995"}],"curies":[{"name":"wp","href":"https:\/\/api.w.org\/{rel}","templated":true}]}}