{"id":19967,"date":"2022-07-29T16:52:54","date_gmt":"2022-07-29T16:52:54","guid":{"rendered":"https:\/\/www.copaeastur.org\/?p=19967"},"modified":"2026-01-21T18:35:13","modified_gmt":"2026-01-21T18:35:13","slug":"presentacion-de-fapea-2022-20-anos-de-apoyo-al-sector-ecologico","status":"publish","type":"post","link":"https:\/\/www.copaeastur.org\/as\/presentacion-de-fapea-2022-20-anos-de-apoyo-al-sector-ecologico\/","title":{"rendered":"Presentaci\u00f3n de FAPEA 2022. 20 A\u00d1OS DE APOYO AL SECTOR ECOL\u00d3GICO"},"content":{"rendered":"<p>El viernes 29 de julio, a las 12horas, en el parque Cuno Corquera de Posada de LLanera, el alcalde de Llanera, Gerardo Sanz, presenta los programas de la <em>47\u00aa edici\u00f3n del Concurso-Exposici\u00f3n de Ganado Vacuno<\/em>, de la <em>Subasta de Ganado<\/em> y de la 20\u00aa edici\u00f3n de la <em>Feria Agroalimentaria de Productos Ecol\u00f3gicos de Asturias (FAPEA)<\/em>, que se desarrollan en el recinto ferial de Llanera entre el viernes 5 y el domingo 7 de agosto.<\/p>\n<p>&nbsp;<\/p>\n<p>En esta edici\u00f3n de 2022 en FAPEA habr\u00e1 57 expositores y una gran variedad de alimentos exclusivamente ecol\u00f3gicos. La certificaci\u00f3n de todos los productos es revisada por el COPAE, que estar\u00e1 presente junto con 24 productores y empresas de Asturias certificadas, y otros 33 productores de otras partes de Espa\u00f1a y de Portugal.<\/p>\n<p>&nbsp;<\/p>\n<p>FAPEA cumple 20 a\u00f1os recuperando la normalidad en su programa lleno de actividades y de degustaciones de alimentos ecol\u00f3gicos. Ya son 20 ediciones colaborando con el Ayuntamiento de Llanera, al que queremos agradecer su apoyo al sector ecol\u00f3gico con la organizaci\u00f3n de esta feria, de referencia dentro del sector.<\/p>\n<p>&nbsp;<\/p>\n<p>Desde el COPAE destacamos que FAPEA es una feria donde todos los alimentos son exclusivamente ecol\u00f3gicos y est\u00e1n certificados, colaborando el COPAE en la revisi\u00f3n de la certificaci\u00f3n de cada uno de los expositores.<\/p>\n<p>&nbsp;<\/p>\n<ul>\n<li>Consulta en este enlace los expositores presentes en FAPEA: <a href=\"https:\/\/www.copaeastur.org\/wp-content\/uploads\/2022\/07\/04-Expositories-FAPEA.pdf\" target=\"_blank\" rel=\"noopener noreferrer\">expositores FAPEA 2022<\/a>.<\/li>\n<\/ul>\n<p>&nbsp;<\/p>\n<p>A la presentaci\u00f3n realizada por el Ayuntamiento de Llanera asiste en nombre del COPAE su vicepresidenta, Noelia Garc\u00eda Fern\u00e1ndez, y su Director T\u00e9cnico, Carlos Nu\u00f1o Palacio, quienes destacan que en Asturias la superficie dedicada a la producci\u00f3n ecol\u00f3gica es de 14.277 has, y supone un 4,28 % de la superficie agr\u00edcola \u00fatil (SAU). El COPAE reclama un mayor compromiso del Gobierno del Principado de Asturias y de los Grupos de Desarrollo Rural con la producci\u00f3n ecol\u00f3gica, para alcanzar el objetivo marcado por la UE de que en 2030 el 25 % de la superficie agr\u00edcola sea ecol\u00f3gica.<\/p>\n<p>&nbsp;<\/p>\n<ul>\n<li>Se puede consultar un extracto de las intervenciones del COPAE en la presentaci\u00f3n de FAPEA en este enlace: <a href=\"https:\/\/www.copaeastur.org\/wp-content\/uploads\/2022\/07\/NOTA-COPAE-presentaci\u00f3n-FAPEA.pdf\" target=\"_blank\" rel=\"noopener noreferrer\">NOTA PRENSA COPAE\/FAPEA<\/a>.<\/li>\n<\/ul>\n<p>&nbsp;<\/p>\n<p>En el programa de la feria, desde el COPAE destacamos la actividad infantil gratuita sobre la producci\u00f3n ecol\u00f3gica, el s\u00e1bado 6 de agosto de 11.30 a 14.30 horas; las degustaciones en las que colabora el COPAE, como el men\u00fa ecol\u00f3gico, tambi\u00e9n el s\u00e1bado, y la degustaci\u00f3n de ternera asturiana de Bioastur, del domingo 7; y el sorteo de los ecolotes de productos ecol\u00f3gicos antes de la clausura.<\/p>\n<p>&nbsp;<\/p>\n<ul>\n<li>Consulta en este enlace el programa completo de FAPEA: <a href=\"https:\/\/www.copaeastur.org\/wp-content\/uploads\/2022\/07\/02-Programa-FAPEA.pdf\" target=\"_blank\" rel=\"noopener noreferrer\">Programa FAPEA 2022<\/a><img decoding=\"async\" loading=\"lazy\" class=\"aligncenter size-full wp-image-19977\" src=\"https:\/\/www.copaeastur.org\/wp-content\/uploads\/2022\/07\/Dise\u00f1o-sin-t\u00edtulo.png\" alt=\"\" width=\"1600\" height=\"900\" srcset=\"https:\/\/www.copaeastur.org\/wp-content\/uploads\/2022\/07\/Dise\u00f1o-sin-t\u00edtulo.png 1600w, https:\/\/www.copaeastur.org\/wp-content\/uploads\/2022\/07\/Dise\u00f1o-sin-t\u00edtulo-300x169.png 300w, https:\/\/www.copaeastur.org\/wp-content\/uploads\/2022\/07\/Dise\u00f1o-sin-t\u00edtulo-768x432.png 768w, https:\/\/www.copaeastur.org\/wp-content\/uploads\/2022\/07\/Dise\u00f1o-sin-t\u00edtulo-1024x576.png 1024w\" sizes=\"(max-width: 1600px) 100vw, 1600px\" \/>.<\/li>\n<\/ul>\n","protected":false},"excerpt":{"rendered":"<p>El viernes 29 de julio, a las 12horas, en el parque Cuno Corquera de Posada de LLanera, el alcalde de Llanera, Gerardo Sanz, presenta los programas de la 47\u00aa edici\u00f3n del Concurso-Exposici\u00f3n de Ganado Vacuno, de la Subasta de Ganado y de la 20\u00aa edici\u00f3n de la Feria Agroalimentaria de Productos Ecol\u00f3gicos de Asturias (FAPEA),&#8230;<\/p>\n","protected":false},"author":2,"featured_media":0,"comment_status":"closed","ping_status":"closed","sticky":false,"template":"","format":"standard","meta":[],"categories":[1,174],"tags":[],"_links":{"self":[{"href":"https:\/\/www.copaeastur.org\/as\/wp-json\/wp\/v2\/posts\/19967"}],"collection":[{"href":"https:\/\/www.copaeastur.org\/as\/wp-json\/wp\/v2\/posts"}],"about":[{"href":"https:\/\/www.copaeastur.org\/as\/wp-json\/wp\/v2\/types\/post"}],"author":[{"embeddable":true,"href":"https:\/\/www.copaeastur.org\/as\/wp-json\/wp\/v2\/users\/2"}],"replies":[{"embeddable":true,"href":"https:\/\/www.copaeastur.org\/as\/wp-json\/wp\/v2\/comments?post=19967"}],"version-history":[{"count":3,"href":"https:\/\/www.copaeastur.org\/as\/wp-json\/wp\/v2\/posts\/19967\/revisions"}],"predecessor-version":[{"id":19982,"href":"https:\/\/www.copaeastur.org\/as\/wp-json\/wp\/v2\/posts\/19967\/revisions\/19982"}],"wp:attachment":[{"href":"https:\/\/www.copaeastur.org\/as\/wp-json\/wp\/v2\/media?parent=19967"}],"wp:term":[{"taxonomy":"category","embeddable":true,"href":"https:\/\/www.copaeastur.org\/as\/wp-json\/wp\/v2\/categories?post=19967"},{"taxonomy":"post_tag","embeddable":true,"href":"https:\/\/www.copaeastur.org\/as\/wp-json\/wp\/v2\/tags?post=19967"}],"curies":[{"name":"wp","href":"https:\/\/api.w.org\/{rel}","templated":true}]}}