{"id":19526,"date":"2021-11-17T09:18:30","date_gmt":"2021-11-17T09:18:30","guid":{"rendered":"https:\/\/www.copaeastur.org\/?p=19526"},"modified":"2026-01-21T18:49:20","modified_gmt":"2026-01-21T18:49:20","slug":"jornada-de-emprendimiento-juvenil-en-el-medio-rural-en-la-tematica-de-produccion-ecologica","status":"publish","type":"post","link":"https:\/\/www.copaeastur.org\/as\/jornada-de-emprendimiento-juvenil-en-el-medio-rural-en-la-tematica-de-produccion-ecologica\/","title":{"rendered":"JORNADA DE EMPRENDIMIENTO JUVENIL EN EL MEDIO RURAL EN LA TEM\u00c1TICA DE PRODUCCI\u00d3N ECOL\u00d3GICA"},"content":{"rendered":"<p>El pr\u00f3ximo <strong>24 de noviembre de 2021 <\/strong> tendr\u00e1 lugar el encuentro on-line: \u201c<em><strong>Jornada de emprendimiento juvenil en el medio rural en la tem\u00e1tica de producci\u00f3n ecol\u00f3gica<\/strong><\/em>\u201d<br \/>\n&nbsp;<br \/>\nLa jornada va dirigida a aquellas personas, en especial a los j\u00f3venes, que est\u00e9n interesadas en emprender en el medio rural en negocios vinculados a la producci\u00f3n ecol\u00f3gica, as\u00ed como a todas aquellas entidades y profesionales que tengan inter\u00e9s en este tema.<br \/>\n&nbsp;<br \/>\nEn este encuentro se contar\u00e1 con la participaci\u00f3n de experiencias provenientes de las comunidades aut\u00f3nomas de Andaluc\u00eda, Cantabria, Galicia, el Principado de Asturias, la Comunidad Valenciana, y la Regi\u00f3n de Murcia, con el objetivo de conocer proyectos y buenas pr\u00e1cticas impulsadas por j\u00f3venes en el sector de producci\u00f3n ecol\u00f3gica, e intercambiar experiencias y servir de conexi\u00f3n entre personas j\u00f3venes emprendedoras y expertos. Es una oportunidad para difundir las vivencias personales, as\u00ed como para crear redes colaborativas.<br \/>\n&nbsp;<br \/>\nPara participar, pod\u00e9is inscribiros en el siguiente <strong><a href=\"http:\/\/www.redruralnacional.es\/-\/jornada-de-emprendimiento-juvenil-en-el-medio-rural-en-la-tematica-de-produccion-ecologica\">enlace<\/a><\/strong> hasta el pr\u00f3ximo d\u00eda 22 de noviembre de 2021, incluido.<br \/>\n&nbsp;<br \/>\n&nbsp;<br \/>\n\u00a1Esperamos vuestra asistencia!<br \/>\n&nbsp;<br \/>\n&nbsp;<br \/>\n<img decoding=\"async\" loading=\"lazy\" class=\"aligncenter  wp-image-19538\" src=\"https:\/\/www.copaeastur.org\/wp-content\/uploads\/2021\/11\/unnamed4-200x300.jpg\" alt=\"\" width=\"377\" height=\"566\" srcset=\"https:\/\/www.copaeastur.org\/wp-content\/uploads\/2021\/11\/unnamed4-200x300.jpg 200w, https:\/\/www.copaeastur.org\/wp-content\/uploads\/2021\/11\/unnamed4-768x1152.jpg 768w, https:\/\/www.copaeastur.org\/wp-content\/uploads\/2021\/11\/unnamed4-682x1024.jpg 682w, https:\/\/www.copaeastur.org\/wp-content\/uploads\/2021\/11\/unnamed4.jpg 1333w\" sizes=\"(max-width: 377px) 100vw, 377px\" \/><\/p>\n","protected":false},"excerpt":{"rendered":"<p>El pr\u00f3ximo 24 de noviembre de 2021 tendr\u00e1 lugar el encuentro on-line: \u201cJornada de emprendimiento juvenil en el medio rural en la tem\u00e1tica de producci\u00f3n ecol\u00f3gica\u201d &nbsp; La jornada va dirigida a aquellas personas, en especial a los j\u00f3venes, que est\u00e9n interesadas en emprender en el medio rural en negocios vinculados a la producci\u00f3n ecol\u00f3gica,&#8230;<\/p>\n","protected":false},"author":2,"featured_media":0,"comment_status":"closed","ping_status":"closed","sticky":false,"template":"","format":"standard","meta":[],"categories":[1,169],"tags":[],"_links":{"self":[{"href":"https:\/\/www.copaeastur.org\/as\/wp-json\/wp\/v2\/posts\/19526"}],"collection":[{"href":"https:\/\/www.copaeastur.org\/as\/wp-json\/wp\/v2\/posts"}],"about":[{"href":"https:\/\/www.copaeastur.org\/as\/wp-json\/wp\/v2\/types\/post"}],"author":[{"embeddable":true,"href":"https:\/\/www.copaeastur.org\/as\/wp-json\/wp\/v2\/users\/2"}],"replies":[{"embeddable":true,"href":"https:\/\/www.copaeastur.org\/as\/wp-json\/wp\/v2\/comments?post=19526"}],"version-history":[{"count":13,"href":"https:\/\/www.copaeastur.org\/as\/wp-json\/wp\/v2\/posts\/19526\/revisions"}],"predecessor-version":[{"id":19542,"href":"https:\/\/www.copaeastur.org\/as\/wp-json\/wp\/v2\/posts\/19526\/revisions\/19542"}],"wp:attachment":[{"href":"https:\/\/www.copaeastur.org\/as\/wp-json\/wp\/v2\/media?parent=19526"}],"wp:term":[{"taxonomy":"category","embeddable":true,"href":"https:\/\/www.copaeastur.org\/as\/wp-json\/wp\/v2\/categories?post=19526"},{"taxonomy":"post_tag","embeddable":true,"href":"https:\/\/www.copaeastur.org\/as\/wp-json\/wp\/v2\/tags?post=19526"}],"curies":[{"name":"wp","href":"https:\/\/api.w.org\/{rel}","templated":true}]}}