{"id":19344,"date":"2021-05-12T16:26:10","date_gmt":"2021-05-12T16:26:10","guid":{"rendered":"https:\/\/www.copaeastur.org\/?p=19344"},"modified":"2026-01-21T18:49:21","modified_gmt":"2026-01-21T18:49:21","slug":"la-panera-dasturies-jornadas-tecnicas-en-colaboracion-con-copae","status":"publish","type":"post","link":"https:\/\/www.copaeastur.org\/as\/la-panera-dasturies-jornadas-tecnicas-en-colaboracion-con-copae\/","title":{"rendered":"La Panera d&#8217;Asturies &#8211; Jornadas t\u00e9cnicas en colaboraci\u00f3n con COPAE"},"content":{"rendered":"<p>En el marco del proyecto<strong><em> La Panera d&#8217;Asturies<\/em><\/strong>, que tiene como objetivo favorecer la comercializaci\u00f3n de productos ecol\u00f3gicos y artesanos de Asturias, se organizan las siguientes jornadas a cargo del COPAE, como entidad que participa en este proyecto.<\/p>\n<p>&nbsp;<\/p>\n<p>\u00b7<strong> Jornada sobre &#8220;gesti\u00f3n de la trazabilidad para peque\u00f1as empresas agroalimentarias&#8221; \u2013 Olaya Mu\u00f1oz \u2013 UP Intelligence &#8211; Lunes 17 de mayo &#8211; 17-18 h \u2013 zoom.<\/strong><\/p>\n<p>Enlace teams:<br \/>\n<a href=\"https:\/\/teams.microsoft.com\/l\/meetup-join\/19%3ameeting_OWM2ZmJmNGYtMWMxYi00NjNkLWE2MzAtMWJiYjhiOGU4ZWRj%40thread.v2\/0?context=%7b%22Tid%22%3a%2294d8dfb7-5398-4a86-b62f-3d81bac1064c%22%2c%22Oid%22%3a%22bc74d01f-2c2b-4868-aa52-2d69106090a3%22%7d\">https:\/\/teams.microsoft.com\/l\/meetup-join\/19%3ameeting_OWM2ZmJmNGYtMWMxYi00NjNkLWE2MzAtMWJiYjhiOGU4ZWRj%40thread.v2\/0?context=%7b%22Tid%22%3a%2294d8dfb7-5398-4a86-b62f-3d81bac1064c%22%2c%22Oid%22%3a%22bc74d01f-2c2b-4868-aa52-2d69106090a3%22%7d<\/a><\/p>\n<p>Esta jornada tiene el objetivo de facilitar la informaci\u00f3n a peque\u00f1as empresas agroalimentarias sobre los programas inform\u00e1ticos disponibles para mejorar la gesti\u00f3n de la trazabilidad, algo que les puede facilitar la venta a la distribuci\u00f3n.<\/p>\n<p><em>P\u00e1gina web de la empresa que imparte la formaci\u00f3n: <a href=\"https:\/\/upintelligence.es\/#\">https:\/\/upintelligence.es\/#<\/a><\/em><\/p>\n<p>&nbsp;<\/p>\n<p><strong>\u00b7 Jornada sobre &#8220;trazabilidad y codificaci\u00f3n&#8221; para peque\u00f1os productores agroalimentarios &#8211; Marta Garc\u00eda Jim\u00e9nez &#8211; Aecoc &#8211; Martes 18 de mayo &#8211; de 17 a 18 h &#8211; webinar a trav\u00e9s de la web de AECOC.<\/strong><\/p>\n<p>Esta jornada tiene el objetivo de facilitar la informaci\u00f3n a peque\u00f1as agroalimentarias sobre los pasos a seguir para implantar el c\u00f3digo de barras, algo que exige la gran distribuci\u00f3n.<\/p>\n<p>&nbsp;<\/p>\n<p><strong>\u00b7 Jornada sobre &#8220;Conservaci\u00f3n postcosecha de frutos&#8221; &#8211; Maite S\u00e1nchez Ballesta &#8211; CSIC &#8211; Jueves 20 de mayo &#8211; 17-18 h \u2013 zoom.<\/strong><\/p>\n<p>Enlace teams:<br \/>\n<a href=\"https:\/\/teams.microsoft.com\/l\/meetup-join\/19%3ameeting_ZjZiYjM0YWItMmU4OS00MTgwLWIyZjUtYWM3OTg1M2JjYjA4%40thread.v2\/0?context=%7b%22Tid%22%3a%2253dc5780-654c-4e23-8c91-828c3b0aeb91%22%2c%22Oid%22%3a%223fee4a56-d057-40ad-b2d8-2f91b8d567da%22%7d\">https:\/\/teams.microsoft.com\/l\/meetup-join\/19%3ameeting_ZjZiYjM0YWItMmU4OS00MTgwLWIyZjUtYWM3OTg1M2JjYjA4%40thread.v2\/0?context=%7b%22Tid%22%3a%2253dc5780-654c-4e23-8c91-828c3b0aeb91%22%2c%22Oid%22%3a%223fee4a56-d057-40ad-b2d8-2f91b8d567da%22%7d<\/a><\/p>\n<p>Esta jornada tiene el objetivo de facilitar la informaci\u00f3n a los productores hortofrut\u00edcolas de Asturias algunas mejoras que pueden mejorar la conservaci\u00f3n postcosecha de fruto y optimizar la cadena de fr\u00edo, lo que supone una mejora en su distribuci\u00f3n.<\/p>\n<p><em>P\u00e1gina web de la empresa que imparte la formaci\u00f3n:<a href=\"https:\/\/www.ictan.csic.es\/\"> https:\/\/www.ictan.csic.es\/<\/a><\/em><br \/>\n&nbsp;<br \/>\n&nbsp;<\/p>\n<p><a href=\"https:\/\/lapaneradeasturias.com\/acciones-y-resultados\/\">https:\/\/lapaneradeasturias.com\/acciones-y-resultados\/<\/a><\/p>\n<p>&nbsp;<br \/>\n&nbsp;<\/p>\n<p><img decoding=\"async\" loading=\"lazy\" class=\"aligncenter wp-image-19345\" src=\"https:\/\/www.copaeastur.org\/wp-content\/uploads\/2021\/05\/Copia-de-instagram1-300x300.jpg\" alt=\"\" width=\"560\" height=\"560\" srcset=\"https:\/\/www.copaeastur.org\/wp-content\/uploads\/2021\/05\/Copia-de-instagram1-300x300.jpg 300w, https:\/\/www.copaeastur.org\/wp-content\/uploads\/2021\/05\/Copia-de-instagram1-150x150.jpg 150w, https:\/\/www.copaeastur.org\/wp-content\/uploads\/2021\/05\/Copia-de-instagram1-768x768.jpg 768w, https:\/\/www.copaeastur.org\/wp-content\/uploads\/2021\/05\/Copia-de-instagram1-1024x1024.jpg 1024w, https:\/\/www.copaeastur.org\/wp-content\/uploads\/2021\/05\/Copia-de-instagram1-550x550.jpg 550w, https:\/\/www.copaeastur.org\/wp-content\/uploads\/2021\/05\/Copia-de-instagram1-1000x1000.jpg 1000w, https:\/\/www.copaeastur.org\/wp-content\/uploads\/2021\/05\/Copia-de-instagram1.jpg 1080w\" sizes=\"(max-width: 560px) 100vw, 560px\" \/><\/p>\n","protected":false},"excerpt":{"rendered":"<p>En el marco del proyecto La Panera d&#8217;Asturies, que tiene como objetivo favorecer la comercializaci\u00f3n de productos ecol\u00f3gicos y artesanos de Asturias, se organizan las siguientes jornadas a cargo del COPAE, como entidad que participa en este proyecto. &nbsp; \u00b7 Jornada sobre &#8220;gesti\u00f3n de la trazabilidad para peque\u00f1as empresas agroalimentarias&#8221; \u2013 Olaya Mu\u00f1oz \u2013 UP&#8230;<\/p>\n","protected":false},"author":2,"featured_media":0,"comment_status":"closed","ping_status":"closed","sticky":false,"template":"","format":"standard","meta":[],"categories":[169],"tags":[],"_links":{"self":[{"href":"https:\/\/www.copaeastur.org\/as\/wp-json\/wp\/v2\/posts\/19344"}],"collection":[{"href":"https:\/\/www.copaeastur.org\/as\/wp-json\/wp\/v2\/posts"}],"about":[{"href":"https:\/\/www.copaeastur.org\/as\/wp-json\/wp\/v2\/types\/post"}],"author":[{"embeddable":true,"href":"https:\/\/www.copaeastur.org\/as\/wp-json\/wp\/v2\/users\/2"}],"replies":[{"embeddable":true,"href":"https:\/\/www.copaeastur.org\/as\/wp-json\/wp\/v2\/comments?post=19344"}],"version-history":[{"count":11,"href":"https:\/\/www.copaeastur.org\/as\/wp-json\/wp\/v2\/posts\/19344\/revisions"}],"predecessor-version":[{"id":19361,"href":"https:\/\/www.copaeastur.org\/as\/wp-json\/wp\/v2\/posts\/19344\/revisions\/19361"}],"wp:attachment":[{"href":"https:\/\/www.copaeastur.org\/as\/wp-json\/wp\/v2\/media?parent=19344"}],"wp:term":[{"taxonomy":"category","embeddable":true,"href":"https:\/\/www.copaeastur.org\/as\/wp-json\/wp\/v2\/categories?post=19344"},{"taxonomy":"post_tag","embeddable":true,"href":"https:\/\/www.copaeastur.org\/as\/wp-json\/wp\/v2\/tags?post=19344"}],"curies":[{"name":"wp","href":"https:\/\/api.w.org\/{rel}","templated":true}]}}